{"id":14811,"date":"2021-11-23T15:38:58","date_gmt":"2021-11-23T15:38:58","guid":{"rendered":"https:\/\/servitubos.com\/curso-de-trabajos-verticales-estructura-requisitos-y-precios\/"},"modified":"2021-11-24T11:59:39","modified_gmt":"2021-11-24T11:59:39","slug":"curso-de-trabajos-verticales-estructura-requisitos-y-precios","status":"publish","type":"post","link":"https:\/\/portaldosandaimes.com\/es\/curso-de-trabajos-verticales-estructura-requisitos-y-precios\/","title":{"rendered":"Curso de trabajos verticales: Estructura, Requisitos y Precios"},"content":{"rendered":"<div id=\"ez-toc-container\" class=\"ez-toc-v2_0_82_2 counter-hierarchy ez-toc-counter ez-toc-grey ez-toc-container-direction\">\n<div class=\"ez-toc-title-container\">\n<p class=\"ez-toc-title\" style=\"cursor:inherit\">\u00cdndice<\/p>\n<span class=\"ez-toc-title-toggle\"><a href=\"#\" class=\"ez-toc-pull-right ez-toc-btn ez-toc-btn-xs ez-toc-btn-default ez-toc-toggle\" aria-label=\"Alternar tabla de contenidos\"><span class=\"ez-toc-js-icon-con\"><span class=\"\"><span class=\"eztoc-hide\" style=\"display:none;\">Toggle<\/span><span class=\"ez-toc-icon-toggle-span\"><svg style=\"fill: #999;color:#999\" xmlns=\"http:\/\/www.w3.org\/2000\/svg\" class=\"list-377408\" width=\"20px\" height=\"20px\" viewBox=\"0 0 24 24\" fill=\"none\"><path d=\"M6 6H4v2h2V6zm14 0H8v2h12V6zM4 11h2v2H4v-2zm16 0H8v2h12v-2zM4 16h2v2H4v-2zm16 0H8v2h12v-2z\" fill=\"currentColor\"><\/path><\/svg><svg style=\"fill: #999;color:#999\" class=\"arrow-unsorted-368013\" xmlns=\"http:\/\/www.w3.org\/2000\/svg\" width=\"10px\" height=\"10px\" viewBox=\"0 0 24 24\" version=\"1.2\" baseProfile=\"tiny\"><path d=\"M18.2 9.3l-6.2-6.3-6.2 6.3c-.2.2-.3.4-.3.7s.1.5.3.7c.2.2.4.3.7.3h11c.3 0 .5-.1.7-.3.2-.2.3-.5.3-.7s-.1-.5-.3-.7zM5.8 14.7l6.2 6.3 6.2-6.3c.2-.2.3-.5.3-.7s-.1-.5-.3-.7c-.2-.2-.4-.3-.7-.3h-11c-.3 0-.5.1-.7.3-.2.2-.3.5-.3.7s.1.5.3.7z\"\/><\/svg><\/span><\/span><\/span><\/a><\/span><\/div>\n<nav><ul class='ez-toc-list ez-toc-list-level-1 eztoc-toggle-hide-by-default' ><li class='ez-toc-page-1 ez-toc-heading-level-2'><a class=\"ez-toc-link ez-toc-heading-1\" href=\"https:\/\/portaldosandaimes.com\/es\/curso-de-trabajos-verticales-estructura-requisitos-y-precios\/#Curso_de_trabajos_verticales_que_tipo_de_entidad_debo_elegir\" >Curso de trabajos verticales: qu\u00e9 tipo de entidad debo elegir<\/a><\/li><li class='ez-toc-page-1 ez-toc-heading-level-2'><a class=\"ez-toc-link ez-toc-heading-2\" href=\"https:\/\/portaldosandaimes.com\/es\/curso-de-trabajos-verticales-estructura-requisitos-y-precios\/#Cursos_de_trabajos_verticales_IRATA\" >Cursos de trabajos verticales IRATA<\/a><ul class='ez-toc-list-level-3' ><li class='ez-toc-heading-level-3'><a class=\"ez-toc-link ez-toc-heading-3\" href=\"https:\/\/portaldosandaimes.com\/es\/curso-de-trabajos-verticales-estructura-requisitos-y-precios\/#Curso_de_trabajos_verticales_no1\" >Curso de trabajos verticales n\u00ba1<\/a><\/li><li class='ez-toc-page-1 ez-toc-heading-level-3'><a class=\"ez-toc-link ez-toc-heading-4\" href=\"https:\/\/portaldosandaimes.com\/es\/curso-de-trabajos-verticales-estructura-requisitos-y-precios\/#Curso_de_trabajos_verticales_no2\" >Curso de trabajos verticales n\u00ba2<\/a><\/li><li class='ez-toc-page-1 ez-toc-heading-level-3'><a class=\"ez-toc-link ez-toc-heading-5\" href=\"https:\/\/portaldosandaimes.com\/es\/curso-de-trabajos-verticales-estructura-requisitos-y-precios\/#Curso_de_trabajos_verticales_no3\" >Curso de trabajos verticales n\u00ba3<\/a><\/li><li class='ez-toc-page-1 ez-toc-heading-level-3'><a class=\"ez-toc-link ez-toc-heading-6\" href=\"https:\/\/portaldosandaimes.com\/es\/curso-de-trabajos-verticales-estructura-requisitos-y-precios\/#Precio_del_curso_IRATA_nivel_1_2_3\" >Precio del curso IRATA nivel 1, 2, 3<\/a><\/li><li class='ez-toc-page-1 ez-toc-heading-level-3'><a class=\"ez-toc-link ez-toc-heading-7\" href=\"https:\/\/portaldosandaimes.com\/es\/curso-de-trabajos-verticales-estructura-requisitos-y-precios\/#SPRAT_una_de_las_buenas_alternativas_al_IRATA\" >SPRAT, una de las buenas alternativas al IRATA<\/a><\/li><li class='ez-toc-page-1 ez-toc-heading-level-3'><a class=\"ez-toc-link ez-toc-heading-8\" href=\"https:\/\/portaldosandaimes.com\/es\/curso-de-trabajos-verticales-estructura-requisitos-y-precios\/#Otros_cursos_de_formacion_certificaciones_o_cursos_de_acceso_por_cuerdas\" >Otros cursos de formaci\u00f3n, certificaciones o cursos de acceso por cuerdas<\/a><\/li><li class='ez-toc-page-1 ez-toc-heading-level-3'><a class=\"ez-toc-link ez-toc-heading-9\" href=\"https:\/\/portaldosandaimes.com\/es\/curso-de-trabajos-verticales-estructura-requisitos-y-precios\/#Preguntas_frecuentes\" >Preguntas frecuentes<\/a><\/li><\/ul><\/li><\/ul><\/nav><\/div>\n<p><div class=\"fusion-fullwidth fullwidth-box fusion-builder-row-1 nonhundred-percent-fullwidth non-hundred-percent-height-scrolling\" style=\"--awb-border-radius-top-left:0px;--awb-border-radius-top-right:0px;--awb-border-radius-bottom-right:0px;--awb-border-radius-bottom-left:0px;--awb-flex-wrap:wrap;\" ><div class=\"fusion-builder-row fusion-row\"><div class=\"fusion-layout-column fusion_builder_column fusion-builder-column-0 fusion_builder_column_1_1 1_1 fusion-one-full fusion-column-first fusion-column-last\" style=\"--awb-bg-size:cover;--awb-margin-bottom:0px;\"><div class=\"fusion-column-wrapper fusion-flex-column-wrapper-legacy\"><div class=\"fusion-text fusion-text-1\"><p> Si es cierto que para desempe\u00f1ar cualquier actividad profesional es necesario tener una formaci\u00f3n adecuada, tambi\u00e9n es cierto que, en algunos casos, esta formaci\u00f3n es absolutamente imprescindible. Una necesidad relacionada con los riesgos que conlleva cada actividad y tambi\u00e9n con los requisitos y criterios de seguridad de quien contrata. Es por eso que, espec\u00edficamente para lo que muchos llaman alpinismo industrial, un <strong>curso de trabajos verticales<\/strong> absolutamente crucial. Antes de pasar a los cursos o los entrenamientos, recordemos que el alpinismo industrial que aqu\u00ed nos referimos es el acceso por cuerdas o\u00a0<a href=\"\/es\/acceso-por-cuerdas-trabajo-en-alturas\/\">trabajos verticales<\/a>, para que no haya confusi\u00f3n. <script async src=\"\/\/pagead2.googlesyndication.com\/pagead\/js\/adsbygoogle.js\"><\/script><!-- ajutavel --><ins class=\"adsbygoogle\" style=\"display:block\" data-ad-client=\"ca-pub-5759564924350674\" data-ad-slot=\"4757383682\" data-ad-format=\"auto\" data-full-width-responsive=\"true\"><\/ins><script>(adsbygoogle = window.adsbygoogle || []).push({});\n<\/script> <div class=\"fusion-sep-clear\"><\/div><div class=\"fusion-separator fusion-full-width-sep\" style=\"margin-left: auto;margin-right: auto;margin-bottom:15px;width:100%;\"><\/div><div class=\"fusion-sep-clear\"><\/div><\/p>\n<h2><span class=\"ez-toc-section\" id=\"Curso_de_trabajos_verticales_que_tipo_de_entidad_debo_elegir\"><\/span>Curso de trabajos verticales: qu\u00e9 tipo de entidad debo elegir<span class=\"ez-toc-section-end\"><\/span><\/h2>\n<p>Antes de concretar lo que sea, es importante se\u00f1alar que, en cualquier caso, siempre debemos optar por <strong>entidades de formaci\u00f3n acreditadas. <\/strong>Y, hablando de las entidades que ofrecen los cursos de trabajos verticales en cuerda m\u00e1s reconocidos del mercado, no podemos dejar de mencionar que <strong>IRATA<\/strong> y <strong>SPRAT<\/strong> son los principales certificados\/garant\u00edas de calidad. Las entidades formadoras que llevan estos sellos son las que nos pueden garantizar una formaci\u00f3n adecuada para los contextos m\u00e1s exigentes y gratificantes de este mercado laboral. Los parques de torres e\u00f3licas, las plataformas offshore y otras industrias pesadas no dispensan, en la mayor\u00eda de los casos, certificaciones de este nivel.<\/p>\n<h2><span class=\"ez-toc-section\" id=\"Cursos_de_trabajos_verticales_IRATA\"><\/span>Cursos de trabajos verticales IRATA<span class=\"ez-toc-section-end\"><\/span><\/h2>\n<p>Con ediciones de formaci\u00f3n en diversas partes del mundo, desarrolladas por diversas empresas, el IRATA ofrece formaci\u00f3n en tres niveles. Sin embargo, para comenzar el proceso, debes tener al menos 18 a\u00f1os de edad, aunque la experiencia no sea un requisito de ingreso. Aun as\u00ed, debes tener algunos conocimientos t\u00e9cnicos y te\u00f3ricos, estar c\u00f3modo con el contexto laboral y, por supuesto, una buena condici\u00f3n f\u00edsica acreditada por un FAM (historial m\u00e9dico)<\/p>\n<h3><span class=\"ez-toc-section\" id=\"Curso_de_trabajos_verticales_no1\"><\/span>Curso de trabajos verticales n\u00ba1<span class=\"ez-toc-section-end\"><\/span><\/h3>\n<p>Como acabamos de mencionar, es para adultos y no requiere experiencia previa. Consiste en una formaci\u00f3n con un m\u00ednimo de 4 d\u00edas y confiere la categor\u00eda de <strong>Rope Access Technician n1<\/strong> (t\u00e9cnico trabajo vertical en cuerda). La certificaci\u00f3n tiene una validez de 3 a\u00f1os.<\/p>\n<h3><span class=\"ez-toc-section\" id=\"Curso_de_trabajos_verticales_no2\"><\/span>Curso de trabajos verticales n\u00ba2<span class=\"ez-toc-section-end\"><\/span><\/h3>\n<p>Para obtener la certificaci\u00f3n de nivel 2 debe tener un m\u00ednimo de 12 meses de experiencia y 1000 horas de trabajo registradas en su logbook, antes del vencimiento de la certificaci\u00f3n de nivel 1. El curso proporciona 4 d\u00edas de formaci\u00f3n en acceso por cuerda, instalaciones y rescate. Tambi\u00e9n es v\u00e1lido por 3 a\u00f1os y para renovarlo es necesario repetir la formaci\u00f3n.<\/p>\n<h3><span class=\"ez-toc-section\" id=\"Curso_de_trabajos_verticales_no3\"><\/span>Curso de trabajos verticales n\u00ba3<span class=\"ez-toc-section-end\"><\/span><\/h3>\n<p>Para frecuentar este curso es necesario tener m\u00e1s doce meses de experiencia, 1000 horas de trabajo registrados, formaci\u00f3n en primeros auxilios, y tambi\u00e9n prev\u00e9 4 d\u00edas de formaci\u00f3n de <a href=\"\/es\/curso-de-trabajos-verticales-estructura-requisitos-y-precios\/\">trabajo vertical en cuerda<\/a>, instalaci\u00f3n y rescate. El curso de nivel 3 tambi\u00e9n es v\u00e1lido por 3 a\u00f1os.<\/p>\n<h3><span class=\"ez-toc-section\" id=\"Precio_del_curso_IRATA_nivel_1_2_3\"><\/span>Precio del curso IRATA nivel 1, 2, 3<span class=\"ez-toc-section-end\"><\/span><\/h3>\n<p>El precio puede variar seg\u00fan la entidad donde decidamos realizar el curso. Hay cursos en Portugal y Espa\u00f1a. El precio puede variar seg\u00fan la entidad donde decidamos realizar el curso. Hay cursos en Portugal y Espa\u00f1a. Fue en la CIT Vertical, una empresa espa\u00f1ola miembro del IRATA, que hemos visto, a modo de ejemplo, el valor de los cursos de IRATA que se ofrecen en el mercado. <strong>Nota<\/strong>: los precios indicados incluyen los EPIs y el equipo necesario para la formaci\u00f3n. <\/p>\n<\/div><style type='text\/css'>\n\t\t\t\t.pricing-table-1.fusion-pricing-table .panel-container, .pricing-table-1.fusion-pricing-table .standout .panel-container,\n\t\t\t\t.pricing-table-1.full-boxed-pricing.fusion-pricing-table {background-color:#f8f8f8;}\n\t\t\t\t.pricing-table-1.fusion-pricing-table .list-group .list-group-item,\n\t\t\t\t.pricing-table-1.fusion-pricing-table .list-group .list-group-item:last-child{background-color:#ffffff; border-color:#ededed;}\n\t\t\t\t.pricing-table-1.full-boxed-pricing.fusion-pricing-table .panel-wrapper:hover .panel-heading,\n\t\t\t\t.pricing-table-1.fusion-pricing-table .panel-wrapper:hover .list-group-item {background-color:#f8f8f8;}\n\t\t\t\t.pricing-table-1.full-boxed-pricing.fusion-pricing-table .panel-heading{background-color:#ffffff;}\n\t\t\t\t.pricing-table-1.fusion-pricing-table .fusion-panel, .pricing-table-1 .panel-wrapper:last-child .fusion-panel,\n\t\t\t\t.pricing-table-1.fusion-pricing-table .standout .fusion-panel, .pricing-table-1.fusion-pricing-table  .panel-heading,\n\t\t\t\t.pricing-table-1.fusion-pricing-table .panel-body, .pricing-table-1.fusion-pricing-table .panel-footer{border-color:#ededed;}\n\t\t\t\t.pricing-table-1.fusion-pricing-table .panel-body, .pricing-table-1.fusion-pricing-table .panel-footer{background-color:#f8f8f8;}\n\t\t\t\t.pricing-table-1.sep-boxed-pricing.fusion-pricing-table .panel-heading h3{color:#333333;}\n\t\t\t\t.pricing-table-1.full-boxed-pricing.fusion-pricing-table .panel-heading h3{color:#333333;}\n\t\t\t\t.pricing-table-1.fusion-pricing-table .panel-body .price .decimal-part{color:#a0ce4e;}\n\t\t\t\t.pricing-table-1.fusion-pricing-table .panel-body .price .integer-part{color:#a0ce4e;}\n\t\t\t\t.pricing-table-1.fusion-pricing-table ul.list-group li{color:#262626;}\n\t\t\t\t<\/style><div class=\"fusion-pricing-table pricing-table-1 full-boxed-pricing row fusion-columns-3 columns-3 fusion-clearfix\"><div class=\"panel-wrapper fusion-column column col-lg-4 col-md-4 col-sm-4 fusion-pricingtable-column\"><div class=\"panel-container\"><div class=\"fusion-panel\"><div class=\"panel-heading\"><h3 class=\"title-row\">CURSO IRATA NIVEL I - PRECIO<\/h3><\/div><div class=\"panel-body pricing-row\"><div class=\"price \"><span class=\"integer-part\">1000<\/span><span class=\"currency pos-right price-without-decimal\">\u20ac<\/span><\/div><\/div><ul class=\"list-group\"><li class=\"list-group-item normal-row\">Precio aproximado<\/li><li class=\"list-group-item normal-row\">Duraci\u00f3n m\u00ednima: 4 d\u00edas<\/li><\/ul><\/div><\/div><\/div><div class=\"panel-wrapper fusion-column column col-lg-4 col-md-4 col-sm-4 standout fusion-pricingtable-column\"><div class=\"panel-container\"><div class=\"fusion-panel\"><div class=\"panel-heading\"><h3 class=\"title-row\">CURSO IRATA NIVEL II - PRECIO<\/h3><\/div><div class=\"panel-body pricing-row\"><div class=\"price \"><span class=\"integer-part\">1000<\/span><span class=\"currency pos-right price-without-decimal\">\u20ac<\/span><\/div><\/div><ul class=\"list-group\"><li class=\"list-group-item normal-row\">Precio aproximado<\/li><li class=\"list-group-item normal-row\">Duraci\u00f3n: 5 d\u00edas (40 horas) + 1 d\u00eda de examen con asesor independiente<\/li><\/ul><\/div><\/div><\/div><div class=\"panel-wrapper fusion-column column col-lg-4 col-md-4 col-sm-4 standout fusion-pricingtable-column\"><div class=\"panel-container\"><div class=\"fusion-panel\"><div class=\"panel-heading\"><h3 class=\"title-row\">CURSO IRATA NIVEL III - PRECIO<\/h3><\/div><div class=\"panel-body pricing-row\"><div class=\"price \"><span class=\"integer-part\">1000<\/span><span class=\"currency pos-right price-without-decimal\">\u20ac<\/span><\/div><\/div><ul class=\"list-group\"><li class=\"list-group-item normal-row\">Precio aproximado<\/li><li class=\"list-group-item normal-row\">Duraci\u00f3n: 5 d\u00edas (40 horas) + 1 d\u00eda de examen con asesor independiente<\/li><\/ul><\/div><\/div><\/div><\/div><div class=\"fusion-clearfix\"><\/div><\/div><\/div><\/div><\/div><div class=\"fusion-fullwidth fullwidth-box fusion-builder-row-2 nonhundred-percent-fullwidth non-hundred-percent-height-scrolling\" style=\"--awb-border-radius-top-left:0px;--awb-border-radius-top-right:0px;--awb-border-radius-bottom-right:0px;--awb-border-radius-bottom-left:0px;--awb-flex-wrap:wrap;\" ><div class=\"fusion-builder-row fusion-row\"><div class=\"fusion-layout-column fusion_builder_column fusion-builder-column-1 fusion_builder_column_1_1 1_1 fusion-one-full fusion-column-first fusion-column-last\" style=\"--awb-bg-size:cover;--awb-margin-bottom:0px;\"><div class=\"fusion-column-wrapper fusion-flex-column-wrapper-legacy\"><div class=\"fusion-text fusion-text-2\"><div class=\"fusion-button-wrapper fusion-aligncenter\"><a class=\"fusion-button button-flat fusion-button-default-size button-default fusion-button-default button-1 fusion-button-default-span fusion-button-default-type\" target=\"_self\" href=\"https:\/\/portaldosandaimes.com\/es\/contactos\/\"><span class=\"fusion-button-text awb-button__text awb-button__text--default\">Solicite una cotizaci\u00f3n de alquiler de andamios<\/span><\/a><\/div>\n<\/div><div class=\"fusion-text fusion-text-3\"><h3><span class=\"ez-toc-section\" id=\"SPRAT_una_de_las_buenas_alternativas_al_IRATA\"><\/span>SPRAT, una de las buenas alternativas al IRATA<span class=\"ez-toc-section-end\"><\/span><\/h3>\n<p>La certificaci\u00f3n de t\u00e9cnicos de trabajos verticales en cuerda realizada por organismos de formaci\u00f3n reconocidos por SPRAT es una alternativa leg\u00edtima y segura a las reconocidas por el IRATA. Adem\u00e1s cuenta con 3 niveles de certificaci\u00f3n, bastante equivalentes, en capacitaci\u00f3n, reconocimiento y precio. <strong>\u00bfCu\u00e1nto cuesta la formaci\u00f3n SPRAT?<\/strong> Los valores cobrados por los tres niveles de cursos de acceso por cuerdas var\u00edan de una entidad a otra, pero no son significativamente diferentes de los cobrados por las entidades acreditadas por el IRATA. Su duraci\u00f3n y requisitos tambi\u00e9n son similares. En Europa hay <a href=\"https:\/\/sprat.org\/training-co\/\" target=\"_blank\" rel=\"noopener\">cursos SPRAT<\/a> en Alemania, Irlanda, B\u00e9lgica, Dinamarca, Suecia, Suiza, Polonia y Turqu\u00eda.<\/p>\n<h3><span class=\"ez-toc-section\" id=\"Otros_cursos_de_formacion_certificaciones_o_cursos_de_acceso_por_cuerdas\"><\/span>Otros cursos de formaci\u00f3n, certificaciones o cursos de acceso por cuerdas<span class=\"ez-toc-section-end\"><\/span><\/h3>\n<p>Para escenarios menos exigentes y trabajos m\u00e1s simples, puede buscar un curso ISO Rope Access 1 (usuario). Cabe mencionar que estas certificaciones no garantizan las habilidades necesarias para realizar tareas y trabajos m\u00e1s complejos. Para realizar actividades en estos contextos un curso de acceso por cuerdas n\u00ba1, IRATA o SPRAT ser\u00e1 lo m\u00e1s adecuado. <\/p>\n<\/div><div class=\"fusion-clearfix\"><\/div><\/div><\/div><\/div><\/div><div class=\"fusion-fullwidth fullwidth-box fusion-builder-row-3 fusion-flex-container nonhundred-percent-fullwidth non-hundred-percent-height-scrolling\" style=\"--awb-border-radius-top-left:0px;--awb-border-radius-top-right:0px;--awb-border-radius-bottom-right:0px;--awb-border-radius-bottom-left:0px;--awb-flex-wrap:wrap;\" ><div class=\"fusion-builder-row fusion-row fusion-flex-align-items-flex-start fusion-flex-content-wrap\" style=\"max-width:1144px;margin-left: calc(-4% \/ 2 );margin-right: calc(-4% \/ 2 );\"><div class=\"fusion-layout-column fusion_builder_column fusion-builder-column-2 fusion_builder_column_1_1 1_1 fusion-flex-column\" style=\"--awb-bg-size:cover;--awb-width-large:100%;--awb-margin-top-large:0px;--awb-spacing-right-large:1.92%;--awb-margin-bottom-large:20px;--awb-spacing-left-large:1.92%;--awb-width-medium:100%;--awb-order-medium:0;--awb-spacing-right-medium:1.92%;--awb-spacing-left-medium:1.92%;--awb-width-small:100%;--awb-order-small:0;--awb-spacing-right-small:1.92%;--awb-spacing-left-small:1.92%;\"><div class=\"fusion-column-wrapper fusion-column-has-shadow fusion-flex-justify-content-flex-start fusion-content-layout-column\"><div class=\"fusion-text fusion-text-4\"><\/p>\n<h3 class=\"wp-block-heading\"><span class=\"ez-toc-section\" id=\"Preguntas_frecuentes\"><\/span>Preguntas frecuentes<span class=\"ez-toc-section-end\"><\/span><\/h3>\n<\/p>\n<p>&nbsp;<\/p>\n<\/p>\n<div class=\"schema-faq wp-block-yoast-faq-block\">\n<div class=\"schema-faq-section\"><strong class=\"schema-faq-question\">\u00bfNecesitas contratar un servicio de accesos verticales? <\/strong><\/p>\n<p class=\"schema-faq-answer\">Si est\u00e1 buscando una empresa que ofrezca este tipo de servicio, en Portugal o en el extranjero, env\u00edenos su <a href=\"https:\/\/portaldosandaimes.com\/es\/contactos\/\">solicitud<\/a>.<\/p>\n<\/div>\n<div class=\"schema-faq-section\"><strong class=\"schema-faq-question\">\u00bfEn qu\u00e9 contexto se debe utilizar este tipo de servicio?<\/strong><\/p>\n<p class=\"schema-faq-answer\">Los <a href=\"https:\/\/portaldosandaimes.com\/es\/acceso-por-cuerdas-trabajo-en-alturas\/\">accesos verticales<\/a> con cuerdas son una excelente soluci\u00f3n cuando no hay protecciones colectivas y no es posible utilizar andamios o plataformas elevadoras.<\/p>\n<p class=\"schema-faq-answer\">Conozca m\u00e1s sobre esta especialidad en el <a href=\"\/es\/acceso-por-cuerdas-trabajo-en-alturas\/\">Portal de los Andamios.<\/a><\/p>\n<\/div>\n<div class=\"schema-faq-section\"><strong class=\"schema-faq-question\">\u00bfQu\u00e9 tipo de profesional o empresa debo contratar? <\/strong><\/p>\n<p class=\"schema-faq-answer\">El <strong>mercado nacional tiene varias soluciones<\/strong>, pero es importante asegurarse de que tienen las capacidades necesarias para llevar a cabo una actividad de alto riesgo.<\/p>\n<p>Conozca m\u00e1s sobre esta especialidad en el <a href=\"\/es\/acceso-por-cuerdas-trabajo-en-alturas\/\">Portal de los Andamios.<\/a><\/div>\n<\/div>\n<p>\n<\/div><\/div><\/div><\/div><\/div><\/p>","protected":false},"excerpt":{"rendered":"<p>Si es cierto que para desempe\u00f1ar cualquier actividad profesional es necesario tener una formaci\u00f3n adecuada, tambi\u00e9n es cierto que, en algunos casos, esta formaci\u00f3n es absolutamente imprescindible.<\/p>\n","protected":false},"author":5,"featured_media":14816,"comment_status":"open","ping_status":"open","sticky":false,"template":"","format":"standard","meta":{"footnotes":""},"categories":[90],"tags":[94],"class_list":["post-14811","post","type-post","status-publish","format-standard","has-post-thumbnail","hentry","category-profesionales","tag-formacion-para-trabajos-en-altura"],"yoast_head":"<!-- This site is optimized with the Yoast SEO plugin v27.4 - https:\/\/yoast.com\/product\/yoast-seo-wordpress\/ -->\n<title>Curso de trabajos verticales: estructura, requisitos y precios<\/title>\n<meta name=\"description\" content=\"Al decidir qu\u00e9 curso de trabajos verticales elegir, se debe considerar el reconocimiento y la adecuaci\u00f3n a los contextos de trabajo.\" \/>\n<meta name=\"robots\" content=\"index, follow, max-snippet:-1, max-image-preview:large, max-video-preview:-1\" \/>\n<link rel=\"canonical\" href=\"https:\/\/portaldosandaimes.com\/es\/curso-de-trabajos-verticales-estructura-requisitos-y-precios\/\" \/>\n<meta property=\"og:locale\" content=\"es_ES\" \/>\n<meta property=\"og:type\" content=\"article\" \/>\n<meta property=\"og:title\" content=\"Curso de trabajos verticales: estructura, requisitos y precios\" \/>\n<meta property=\"og:description\" content=\"Al decidir qu\u00e9 curso de trabajos verticales elegir, se debe considerar el reconocimiento y la adecuaci\u00f3n a los contextos de trabajo.\" \/>\n<meta property=\"og:url\" content=\"https:\/\/portaldosandaimes.com\/es\/curso-de-trabajos-verticales-estructura-requisitos-y-precios\/\" \/>\n<meta property=\"og:site_name\" content=\"Portal dos Andaimes\" \/>\n<meta property=\"article:publisher\" content=\"https:\/\/www.facebook.com\/portaldosandaimes\" \/>\n<meta property=\"article:author\" content=\"https:\/\/www.facebook.com\/daniel.reis.3994\/\" \/>\n<meta property=\"article:published_time\" content=\"2021-11-23T15:38:58+00:00\" \/>\n<meta property=\"article:modified_time\" content=\"2021-11-24T11:59:39+00:00\" \/>\n<meta property=\"og:image\" content=\"https:\/\/portaldosandaimes.com\/wp-content\/uploads\/2021\/11\/curso-de-trabajos-verticales.jpg\" \/>\n\t<meta property=\"og:image:width\" content=\"1200\" \/>\n\t<meta property=\"og:image:height\" content=\"805\" \/>\n\t<meta property=\"og:image:type\" content=\"image\/jpeg\" \/>\n<meta name=\"author\" content=\"Daniel Reis\" \/>\n<meta name=\"twitter:card\" content=\"summary_large_image\" \/>\n<meta name=\"twitter:label1\" content=\"Escrito por\" \/>\n\t<meta name=\"twitter:data1\" content=\"Daniel Reis\" \/>\n\t<meta name=\"twitter:label2\" content=\"Tiempo de lectura\" \/>\n\t<meta name=\"twitter:data2\" content=\"6 minutos\" \/>\n<script type=\"application\/ld+json\" class=\"yoast-schema-graph\">{\"@context\":\"https:\\\/\\\/schema.org\",\"@graph\":[{\"@type\":\"Article\",\"@id\":\"https:\\\/\\\/portaldosandaimes.com\\\/es\\\/curso-de-trabajos-verticales-estructura-requisitos-y-precios\\\/#article\",\"isPartOf\":{\"@id\":\"https:\\\/\\\/portaldosandaimes.com\\\/es\\\/curso-de-trabajos-verticales-estructura-requisitos-y-precios\\\/\"},\"author\":{\"name\":\"Daniel Reis\",\"@id\":\"https:\\\/\\\/portaldosandaimes.com\\\/es\\\/#\\\/schema\\\/person\\\/7bd808ea75951202838d08d5b2fabe86\"},\"headline\":\"Curso de trabajos verticales: Estructura, Requisitos y Precios\",\"datePublished\":\"2021-11-23T15:38:58+00:00\",\"dateModified\":\"2021-11-24T11:59:39+00:00\",\"mainEntityOfPage\":{\"@id\":\"https:\\\/\\\/portaldosandaimes.com\\\/es\\\/curso-de-trabajos-verticales-estructura-requisitos-y-precios\\\/\"},\"wordCount\":2324,\"commentCount\":0,\"publisher\":{\"@id\":\"https:\\\/\\\/portaldosandaimes.com\\\/es\\\/#organization\"},\"image\":{\"@id\":\"https:\\\/\\\/portaldosandaimes.com\\\/es\\\/curso-de-trabajos-verticales-estructura-requisitos-y-precios\\\/#primaryimage\"},\"thumbnailUrl\":\"https:\\\/\\\/portaldosandaimes.com\\\/wp-content\\\/uploads\\\/2021\\\/11\\\/curso-de-trabajos-verticales.webp\",\"keywords\":[\"Formaci\u00f3n para trabajos en altura\"],\"articleSection\":[\"Profesionales\"],\"inLanguage\":\"es\",\"potentialAction\":[{\"@type\":\"CommentAction\",\"name\":\"Comment\",\"target\":[\"https:\\\/\\\/portaldosandaimes.com\\\/es\\\/curso-de-trabajos-verticales-estructura-requisitos-y-precios\\\/#respond\"]}]},{\"@type\":[\"WebPage\",\"FAQPage\"],\"@id\":\"https:\\\/\\\/portaldosandaimes.com\\\/es\\\/curso-de-trabajos-verticales-estructura-requisitos-y-precios\\\/\",\"url\":\"https:\\\/\\\/portaldosandaimes.com\\\/es\\\/curso-de-trabajos-verticales-estructura-requisitos-y-precios\\\/\",\"name\":\"Curso de trabajos verticales: estructura, requisitos y precios\",\"isPartOf\":{\"@id\":\"https:\\\/\\\/portaldosandaimes.com\\\/es\\\/#website\"},\"primaryImageOfPage\":{\"@id\":\"https:\\\/\\\/portaldosandaimes.com\\\/es\\\/curso-de-trabajos-verticales-estructura-requisitos-y-precios\\\/#primaryimage\"},\"image\":{\"@id\":\"https:\\\/\\\/portaldosandaimes.com\\\/es\\\/curso-de-trabajos-verticales-estructura-requisitos-y-precios\\\/#primaryimage\"},\"thumbnailUrl\":\"https:\\\/\\\/portaldosandaimes.com\\\/wp-content\\\/uploads\\\/2021\\\/11\\\/curso-de-trabajos-verticales.webp\",\"datePublished\":\"2021-11-23T15:38:58+00:00\",\"dateModified\":\"2021-11-24T11:59:39+00:00\",\"description\":\"Al decidir qu\u00e9 curso de trabajos verticales elegir, se debe considerar el reconocimiento y la adecuaci\u00f3n a los contextos de trabajo.\",\"breadcrumb\":{\"@id\":\"https:\\\/\\\/portaldosandaimes.com\\\/es\\\/curso-de-trabajos-verticales-estructura-requisitos-y-precios\\\/#breadcrumb\"},\"mainEntity\":[{\"@id\":\"https:\\\/\\\/portaldosandaimes.com\\\/es\\\/curso-de-trabajos-verticales-estructura-requisitos-y-precios\\\/#faq-question-1578596977416\"},{\"@id\":\"https:\\\/\\\/portaldosandaimes.com\\\/es\\\/curso-de-trabajos-verticales-estructura-requisitos-y-precios\\\/#faq-question-1577721241003\"},{\"@id\":\"https:\\\/\\\/portaldosandaimes.com\\\/es\\\/curso-de-trabajos-verticales-estructura-requisitos-y-precios\\\/#faq-question-1577721210483\"},{\"@id\":\"https:\\\/\\\/portaldosandaimes.com\\\/es\\\/curso-de-trabajos-verticales-estructura-requisitos-y-precios\\\/#faq-question-1577721045486\"},{\"@id\":\"https:\\\/\\\/portaldosandaimes.com\\\/es\\\/curso-de-trabajos-verticales-estructura-requisitos-y-precios\\\/#faq-question-1577721863057\"}],\"inLanguage\":\"es\",\"potentialAction\":[{\"@type\":\"ReadAction\",\"target\":[\"https:\\\/\\\/portaldosandaimes.com\\\/es\\\/curso-de-trabajos-verticales-estructura-requisitos-y-precios\\\/\"]}]},{\"@type\":\"ImageObject\",\"inLanguage\":\"es\",\"@id\":\"https:\\\/\\\/portaldosandaimes.com\\\/es\\\/curso-de-trabajos-verticales-estructura-requisitos-y-precios\\\/#primaryimage\",\"url\":\"https:\\\/\\\/portaldosandaimes.com\\\/wp-content\\\/uploads\\\/2021\\\/11\\\/curso-de-trabajos-verticales.webp\",\"contentUrl\":\"https:\\\/\\\/portaldosandaimes.com\\\/wp-content\\\/uploads\\\/2021\\\/11\\\/curso-de-trabajos-verticales.webp\",\"width\":1200,\"height\":805,\"caption\":\"curso de trabajos verticales\"},{\"@type\":\"BreadcrumbList\",\"@id\":\"https:\\\/\\\/portaldosandaimes.com\\\/es\\\/curso-de-trabajos-verticales-estructura-requisitos-y-precios\\\/#breadcrumb\",\"itemListElement\":[{\"@type\":\"ListItem\",\"position\":1,\"name\":\"In\u00edcio\",\"item\":\"https:\\\/\\\/portaldosandaimes.com\\\/es\\\/\"},{\"@type\":\"ListItem\",\"position\":2,\"name\":\"Curso de trabajos verticales: Estructura, Requisitos y Precios\"}]},{\"@type\":\"WebSite\",\"@id\":\"https:\\\/\\\/portaldosandaimes.com\\\/es\\\/#website\",\"url\":\"https:\\\/\\\/portaldosandaimes.com\\\/es\\\/\",\"name\":\"Portal dos andaimes\",\"description\":\"Espa\u00e7o dedicado ao mundo do andaimes e aos trabalhos em altura. Com muita informa\u00e7\u00e3o \u00fatil e loja online.\",\"publisher\":{\"@id\":\"https:\\\/\\\/portaldosandaimes.com\\\/es\\\/#organization\"},\"potentialAction\":[{\"@type\":\"SearchAction\",\"target\":{\"@type\":\"EntryPoint\",\"urlTemplate\":\"https:\\\/\\\/portaldosandaimes.com\\\/es\\\/?s={search_term_string}\"},\"query-input\":{\"@type\":\"PropertyValueSpecification\",\"valueRequired\":true,\"valueName\":\"search_term_string\"}}],\"inLanguage\":\"es\"},{\"@type\":\"Organization\",\"@id\":\"https:\\\/\\\/portaldosandaimes.com\\\/es\\\/#organization\",\"name\":\"Portal dos Andaimes\",\"url\":\"https:\\\/\\\/portaldosandaimes.com\\\/es\\\/\",\"logo\":{\"@type\":\"ImageObject\",\"inLanguage\":\"es\",\"@id\":\"https:\\\/\\\/portaldosandaimes.com\\\/es\\\/#\\\/schema\\\/logo\\\/image\\\/\",\"url\":\"https:\\\/\\\/portaldosandaimes.com\\\/wp-content\\\/uploads\\\/2021\\\/08\\\/portal-de-los-andamios.png\",\"contentUrl\":\"https:\\\/\\\/portaldosandaimes.com\\\/wp-content\\\/uploads\\\/2021\\\/08\\\/portal-de-los-andamios.png\",\"width\":162,\"height\":97,\"caption\":\"Portal dos Andaimes\"},\"image\":{\"@id\":\"https:\\\/\\\/portaldosandaimes.com\\\/es\\\/#\\\/schema\\\/logo\\\/image\\\/\"},\"sameAs\":[\"https:\\\/\\\/www.facebook.com\\\/portaldosandaimes\",\"https:\\\/\\\/www.linkedin.com\\\/company\\\/68306809\\\/\"]},{\"@type\":\"Person\",\"@id\":\"https:\\\/\\\/portaldosandaimes.com\\\/es\\\/#\\\/schema\\\/person\\\/7bd808ea75951202838d08d5b2fabe86\",\"name\":\"Daniel Reis\",\"image\":{\"@type\":\"ImageObject\",\"inLanguage\":\"es\",\"@id\":\"https:\\\/\\\/secure.gravatar.com\\\/avatar\\\/1f784889442f6e5d6452b140821e08996fb0c7e4c7d6d89b5a48edd60386a21a?s=96&d=mm&r=g\",\"url\":\"https:\\\/\\\/secure.gravatar.com\\\/avatar\\\/1f784889442f6e5d6452b140821e08996fb0c7e4c7d6d89b5a48edd60386a21a?s=96&d=mm&r=g\",\"contentUrl\":\"https:\\\/\\\/secure.gravatar.com\\\/avatar\\\/1f784889442f6e5d6452b140821e08996fb0c7e4c7d6d89b5a48edd60386a21a?s=96&d=mm&r=g\",\"caption\":\"Daniel Reis\"},\"description\":\"Daniel Reis H\u00e1 muitos anos nesta \u00e1rea, sou hoje T\u00e9cnico de Acesso por Cordas - Supervisor n\u00edvel III (IRATA), com passagem por v\u00e1rios contextos de trabalho, como parques de e\u00f3licas, plataformas off-shore, e outras ind\u00fastrias pesadas. \u00c0s compet\u00eancias de acesso por cordas alio outras forma\u00e7\u00f5es como de soldador.\",\"sameAs\":[\"https:\\\/\\\/www.facebook.com\\\/daniel.reis.3994\\\/\",\"https:\\\/\\\/www.linkedin.com\\\/in\\\/daniel-reis-0b3310103\\\/\"],\"url\":\"https:\\\/\\\/portaldosandaimes.com\\\/es\\\/author\\\/daniel-reis\\\/\"},{\"@type\":\"Question\",\"@id\":\"https:\\\/\\\/portaldosandaimes.com\\\/es\\\/curso-de-trabajos-verticales-estructura-requisitos-y-precios\\\/#faq-question-1578596977416\",\"position\":1,\"url\":\"https:\\\/\\\/portaldosandaimes.com\\\/es\\\/curso-de-trabajos-verticales-estructura-requisitos-y-precios\\\/#faq-question-1578596977416\",\"name\":\"Necessita de alugar um andaime para uma fachada?\",\"answerCount\":1,\"acceptedAnswer\":{\"@type\":\"Answer\",\"text\":\"Se procura alugar um andaime para uma fachada, em qualquer zona de Portugal, os nossos parceiros podem ser a solu\u00e7\u00e3o que procura. Fa\u00e7a-nos chegar a sua solicita\u00e7\u00e3o, atrav\u00e9s do nosso u003ca href=u0022https:\\\/\\\/portaldosandaimes.com\\\/contacto\\\/u0022u003eformul\u00e1rio de pedido de or\u00e7amentou003c\\\/au003e, para alugar um andaime. \",\"inLanguage\":\"es\"},\"inLanguage\":\"es\"},{\"@type\":\"Question\",\"@id\":\"https:\\\/\\\/portaldosandaimes.com\\\/es\\\/curso-de-trabajos-verticales-estructura-requisitos-y-precios\\\/#faq-question-1577721241003\",\"position\":2,\"url\":\"https:\\\/\\\/portaldosandaimes.com\\\/es\\\/curso-de-trabajos-verticales-estructura-requisitos-y-precios\\\/#faq-question-1577721241003\",\"name\":\"Empresas de andaimes em Portugal?\",\"answerCount\":1,\"acceptedAnswer\":{\"@type\":\"Answer\",\"text\":\"Em Portugal existem empresas de andaimes, de Norte a Sul que atuam em todo o territ\u00f3rio continental. Consulte a nossa u003ca href=u0022https:\\\/\\\/portaldosandaimes.com\\\/empresas-de-andaimes\\\/u0022u003elista de empresas de andaimesu003c\\\/au003e,u003cstrongu003e organizadas por zona geogr\u00e1ficau003c\\\/strongu003e. \",\"inLanguage\":\"es\"},\"inLanguage\":\"es\"},{\"@type\":\"Question\",\"@id\":\"https:\\\/\\\/portaldosandaimes.com\\\/es\\\/curso-de-trabajos-verticales-estructura-requisitos-y-precios\\\/#faq-question-1577721210483\",\"position\":3,\"url\":\"https:\\\/\\\/portaldosandaimes.com\\\/es\\\/curso-de-trabajos-verticales-estructura-requisitos-y-precios\\\/#faq-question-1577721210483\",\"name\":\"O que devo ter conta quando recorro ao aluguer de andaimes?\",\"answerCount\":1,\"acceptedAnswer\":{\"@type\":\"Answer\",\"text\":\"Ao recorrer ao aluguer de andaimes devemos ter em conta que se trata de um servi\u00e7o dispendioso e de uma atividade de alto risco. u003cstrongu003eImporta por isso salvaguardar aspetosu003c\\\/strongu003e, u003cstrongu003eecon\u00f3micosu003c\\\/strongu003e e de u003cstrongu003eseguran\u00e7au003c\\\/strongu003e. Descubra tudo o que deve ter em conta no nosso u003cstrongu003eguia sobre u003ca href=u0022https:\\\/\\\/portaldosandaimes.com\\\/aluguer-de-andaimes\\\/u0022u003ealuguer de andaimesu003c\\\/au003eu003c\\\/strongu003e. \",\"inLanguage\":\"es\"},\"inLanguage\":\"es\"},{\"@type\":\"Question\",\"@id\":\"https:\\\/\\\/portaldosandaimes.com\\\/es\\\/curso-de-trabajos-verticales-estructura-requisitos-y-precios\\\/#faq-question-1577721045486\",\"position\":4,\"url\":\"https:\\\/\\\/portaldosandaimes.com\\\/es\\\/curso-de-trabajos-verticales-estructura-requisitos-y-precios\\\/#faq-question-1577721045486\",\"name\":\"Andaime Multidirecional\",\"answerCount\":1,\"acceptedAnswer\":{\"@type\":\"Answer\",\"text\":\"O andaime multidirecional \u00e9 o tipo de equipamento mais adequado ao contexto de ind\u00fastria pesada e a obras complexas. \u00c9 mais pesado, mais caro mas tamb\u00e9m mais vers\u00e1til, dando resposta aos maiores desafios. Se pondera alugar ou adquirir este tipo de equipamento, saiba u003ca href=u0022https:\\\/\\\/portaldosandaimes.com\\\/andaime-multidirecional\\\/u0022u003eo que deve ter em conta relativamente ao andaime multidirecionalu003c\\\/au003e.\",\"inLanguage\":\"es\"},\"inLanguage\":\"es\"},{\"@type\":\"Question\",\"@id\":\"https:\\\/\\\/portaldosandaimes.com\\\/es\\\/curso-de-trabajos-verticales-estructura-requisitos-y-precios\\\/#faq-question-1577721863057\",\"position\":5,\"url\":\"https:\\\/\\\/portaldosandaimes.com\\\/es\\\/curso-de-trabajos-verticales-estructura-requisitos-y-precios\\\/#faq-question-1577721863057\",\"name\":\"Existem f\u00e1bricas de andaimes em Portugal?\",\"answerCount\":1,\"acceptedAnswer\":{\"@type\":\"Answer\",\"text\":\"O u003cstrongu003emercado nacional tem v\u00e1rias solu\u00e7\u00f5esu003c\\\/strongu003e para quem procura adquirir equipamento. Metalusa, Caldorra e Catari, s\u00e3o apenas algumas da op\u00e7\u00f5es. Conhe\u00e7a todas, e o tipo de equipamento que vendem, na nossa u003ca href=u0022https:\\\/\\\/portaldosandaimes.com\\\/fabrica-de-andaimes-em-portugal\\\/u0022u003elista de fabricantes de andaimes em Portugalu003c\\\/au003e. \",\"inLanguage\":\"es\"},\"inLanguage\":\"es\"}]}<\/script>\n<!-- \/ Yoast SEO plugin. -->","yoast_head_json":{"title":"Curso de trabajos verticales: estructura, requisitos y precios","description":"Al decidir qu\u00e9 curso de trabajos verticales elegir, se debe considerar el reconocimiento y la adecuaci\u00f3n a los contextos de trabajo.","robots":{"index":"index","follow":"follow","max-snippet":"max-snippet:-1","max-image-preview":"max-image-preview:large","max-video-preview":"max-video-preview:-1"},"canonical":"https:\/\/portaldosandaimes.com\/es\/curso-de-trabajos-verticales-estructura-requisitos-y-precios\/","og_locale":"es_ES","og_type":"article","og_title":"Curso de trabajos verticales: estructura, requisitos y precios","og_description":"Al decidir qu\u00e9 curso de trabajos verticales elegir, se debe considerar el reconocimiento y la adecuaci\u00f3n a los contextos de trabajo.","og_url":"https:\/\/portaldosandaimes.com\/es\/curso-de-trabajos-verticales-estructura-requisitos-y-precios\/","og_site_name":"Portal dos Andaimes","article_publisher":"https:\/\/www.facebook.com\/portaldosandaimes","article_author":"https:\/\/www.facebook.com\/daniel.reis.3994\/","article_published_time":"2021-11-23T15:38:58+00:00","article_modified_time":"2021-11-24T11:59:39+00:00","og_image":[{"width":1200,"height":805,"url":"https:\/\/portaldosandaimes.com\/wp-content\/uploads\/2021\/11\/curso-de-trabajos-verticales.jpg","type":"image\/jpeg"}],"author":"Daniel Reis","twitter_card":"summary_large_image","twitter_misc":{"Escrito por":"Daniel Reis","Tiempo de lectura":"6 minutos"},"schema":{"@context":"https:\/\/schema.org","@graph":[{"@type":"Article","@id":"https:\/\/portaldosandaimes.com\/es\/curso-de-trabajos-verticales-estructura-requisitos-y-precios\/#article","isPartOf":{"@id":"https:\/\/portaldosandaimes.com\/es\/curso-de-trabajos-verticales-estructura-requisitos-y-precios\/"},"author":{"name":"Daniel Reis","@id":"https:\/\/portaldosandaimes.com\/es\/#\/schema\/person\/7bd808ea75951202838d08d5b2fabe86"},"headline":"Curso de trabajos verticales: Estructura, Requisitos y Precios","datePublished":"2021-11-23T15:38:58+00:00","dateModified":"2021-11-24T11:59:39+00:00","mainEntityOfPage":{"@id":"https:\/\/portaldosandaimes.com\/es\/curso-de-trabajos-verticales-estructura-requisitos-y-precios\/"},"wordCount":2324,"commentCount":0,"publisher":{"@id":"https:\/\/portaldosandaimes.com\/es\/#organization"},"image":{"@id":"https:\/\/portaldosandaimes.com\/es\/curso-de-trabajos-verticales-estructura-requisitos-y-precios\/#primaryimage"},"thumbnailUrl":"https:\/\/portaldosandaimes.com\/wp-content\/uploads\/2021\/11\/curso-de-trabajos-verticales.webp","keywords":["Formaci\u00f3n para trabajos en altura"],"articleSection":["Profesionales"],"inLanguage":"es","potentialAction":[{"@type":"CommentAction","name":"Comment","target":["https:\/\/portaldosandaimes.com\/es\/curso-de-trabajos-verticales-estructura-requisitos-y-precios\/#respond"]}]},{"@type":["WebPage","FAQPage"],"@id":"https:\/\/portaldosandaimes.com\/es\/curso-de-trabajos-verticales-estructura-requisitos-y-precios\/","url":"https:\/\/portaldosandaimes.com\/es\/curso-de-trabajos-verticales-estructura-requisitos-y-precios\/","name":"Curso de trabajos verticales: estructura, requisitos y precios","isPartOf":{"@id":"https:\/\/portaldosandaimes.com\/es\/#website"},"primaryImageOfPage":{"@id":"https:\/\/portaldosandaimes.com\/es\/curso-de-trabajos-verticales-estructura-requisitos-y-precios\/#primaryimage"},"image":{"@id":"https:\/\/portaldosandaimes.com\/es\/curso-de-trabajos-verticales-estructura-requisitos-y-precios\/#primaryimage"},"thumbnailUrl":"https:\/\/portaldosandaimes.com\/wp-content\/uploads\/2021\/11\/curso-de-trabajos-verticales.webp","datePublished":"2021-11-23T15:38:58+00:00","dateModified":"2021-11-24T11:59:39+00:00","description":"Al decidir qu\u00e9 curso de trabajos verticales elegir, se debe considerar el reconocimiento y la adecuaci\u00f3n a los contextos de trabajo.","breadcrumb":{"@id":"https:\/\/portaldosandaimes.com\/es\/curso-de-trabajos-verticales-estructura-requisitos-y-precios\/#breadcrumb"},"mainEntity":[{"@id":"https:\/\/portaldosandaimes.com\/es\/curso-de-trabajos-verticales-estructura-requisitos-y-precios\/#faq-question-1578596977416"},{"@id":"https:\/\/portaldosandaimes.com\/es\/curso-de-trabajos-verticales-estructura-requisitos-y-precios\/#faq-question-1577721241003"},{"@id":"https:\/\/portaldosandaimes.com\/es\/curso-de-trabajos-verticales-estructura-requisitos-y-precios\/#faq-question-1577721210483"},{"@id":"https:\/\/portaldosandaimes.com\/es\/curso-de-trabajos-verticales-estructura-requisitos-y-precios\/#faq-question-1577721045486"},{"@id":"https:\/\/portaldosandaimes.com\/es\/curso-de-trabajos-verticales-estructura-requisitos-y-precios\/#faq-question-1577721863057"}],"inLanguage":"es","potentialAction":[{"@type":"ReadAction","target":["https:\/\/portaldosandaimes.com\/es\/curso-de-trabajos-verticales-estructura-requisitos-y-precios\/"]}]},{"@type":"ImageObject","inLanguage":"es","@id":"https:\/\/portaldosandaimes.com\/es\/curso-de-trabajos-verticales-estructura-requisitos-y-precios\/#primaryimage","url":"https:\/\/portaldosandaimes.com\/wp-content\/uploads\/2021\/11\/curso-de-trabajos-verticales.webp","contentUrl":"https:\/\/portaldosandaimes.com\/wp-content\/uploads\/2021\/11\/curso-de-trabajos-verticales.webp","width":1200,"height":805,"caption":"curso de trabajos verticales"},{"@type":"BreadcrumbList","@id":"https:\/\/portaldosandaimes.com\/es\/curso-de-trabajos-verticales-estructura-requisitos-y-precios\/#breadcrumb","itemListElement":[{"@type":"ListItem","position":1,"name":"In\u00edcio","item":"https:\/\/portaldosandaimes.com\/es\/"},{"@type":"ListItem","position":2,"name":"Curso de trabajos verticales: Estructura, Requisitos y Precios"}]},{"@type":"WebSite","@id":"https:\/\/portaldosandaimes.com\/es\/#website","url":"https:\/\/portaldosandaimes.com\/es\/","name":"Portal dos andaimes","description":"Espa\u00e7o dedicado ao mundo do andaimes e aos trabalhos em altura. Com muita informa\u00e7\u00e3o \u00fatil e loja online.","publisher":{"@id":"https:\/\/portaldosandaimes.com\/es\/#organization"},"potentialAction":[{"@type":"SearchAction","target":{"@type":"EntryPoint","urlTemplate":"https:\/\/portaldosandaimes.com\/es\/?s={search_term_string}"},"query-input":{"@type":"PropertyValueSpecification","valueRequired":true,"valueName":"search_term_string"}}],"inLanguage":"es"},{"@type":"Organization","@id":"https:\/\/portaldosandaimes.com\/es\/#organization","name":"Portal dos Andaimes","url":"https:\/\/portaldosandaimes.com\/es\/","logo":{"@type":"ImageObject","inLanguage":"es","@id":"https:\/\/portaldosandaimes.com\/es\/#\/schema\/logo\/image\/","url":"https:\/\/portaldosandaimes.com\/wp-content\/uploads\/2021\/08\/portal-de-los-andamios.png","contentUrl":"https:\/\/portaldosandaimes.com\/wp-content\/uploads\/2021\/08\/portal-de-los-andamios.png","width":162,"height":97,"caption":"Portal dos Andaimes"},"image":{"@id":"https:\/\/portaldosandaimes.com\/es\/#\/schema\/logo\/image\/"},"sameAs":["https:\/\/www.facebook.com\/portaldosandaimes","https:\/\/www.linkedin.com\/company\/68306809\/"]},{"@type":"Person","@id":"https:\/\/portaldosandaimes.com\/es\/#\/schema\/person\/7bd808ea75951202838d08d5b2fabe86","name":"Daniel Reis","image":{"@type":"ImageObject","inLanguage":"es","@id":"https:\/\/secure.gravatar.com\/avatar\/1f784889442f6e5d6452b140821e08996fb0c7e4c7d6d89b5a48edd60386a21a?s=96&d=mm&r=g","url":"https:\/\/secure.gravatar.com\/avatar\/1f784889442f6e5d6452b140821e08996fb0c7e4c7d6d89b5a48edd60386a21a?s=96&d=mm&r=g","contentUrl":"https:\/\/secure.gravatar.com\/avatar\/1f784889442f6e5d6452b140821e08996fb0c7e4c7d6d89b5a48edd60386a21a?s=96&d=mm&r=g","caption":"Daniel Reis"},"description":"Daniel Reis H\u00e1 muitos anos nesta \u00e1rea, sou hoje T\u00e9cnico de Acesso por Cordas - Supervisor n\u00edvel III (IRATA), com passagem por v\u00e1rios contextos de trabalho, como parques de e\u00f3licas, plataformas off-shore, e outras ind\u00fastrias pesadas. \u00c0s compet\u00eancias de acesso por cordas alio outras forma\u00e7\u00f5es como de soldador.","sameAs":["https:\/\/www.facebook.com\/daniel.reis.3994\/","https:\/\/www.linkedin.com\/in\/daniel-reis-0b3310103\/"],"url":"https:\/\/portaldosandaimes.com\/es\/author\/daniel-reis\/"},{"@type":"Question","@id":"https:\/\/portaldosandaimes.com\/es\/curso-de-trabajos-verticales-estructura-requisitos-y-precios\/#faq-question-1578596977416","position":1,"url":"https:\/\/portaldosandaimes.com\/es\/curso-de-trabajos-verticales-estructura-requisitos-y-precios\/#faq-question-1578596977416","name":"Necessita de alugar um andaime para uma fachada?","answerCount":1,"acceptedAnswer":{"@type":"Answer","text":"Se procura alugar um andaime para uma fachada, em qualquer zona de Portugal, os nossos parceiros podem ser a solu\u00e7\u00e3o que procura. Fa\u00e7a-nos chegar a sua solicita\u00e7\u00e3o, atrav\u00e9s do nosso u003ca href=u0022https:\/\/portaldosandaimes.com\/contacto\/u0022u003eformul\u00e1rio de pedido de or\u00e7amentou003c\/au003e, para alugar um andaime. ","inLanguage":"es"},"inLanguage":"es"},{"@type":"Question","@id":"https:\/\/portaldosandaimes.com\/es\/curso-de-trabajos-verticales-estructura-requisitos-y-precios\/#faq-question-1577721241003","position":2,"url":"https:\/\/portaldosandaimes.com\/es\/curso-de-trabajos-verticales-estructura-requisitos-y-precios\/#faq-question-1577721241003","name":"Empresas de andaimes em Portugal?","answerCount":1,"acceptedAnswer":{"@type":"Answer","text":"Em Portugal existem empresas de andaimes, de Norte a Sul que atuam em todo o territ\u00f3rio continental. Consulte a nossa u003ca href=u0022https:\/\/portaldosandaimes.com\/empresas-de-andaimes\/u0022u003elista de empresas de andaimesu003c\/au003e,u003cstrongu003e organizadas por zona geogr\u00e1ficau003c\/strongu003e. ","inLanguage":"es"},"inLanguage":"es"},{"@type":"Question","@id":"https:\/\/portaldosandaimes.com\/es\/curso-de-trabajos-verticales-estructura-requisitos-y-precios\/#faq-question-1577721210483","position":3,"url":"https:\/\/portaldosandaimes.com\/es\/curso-de-trabajos-verticales-estructura-requisitos-y-precios\/#faq-question-1577721210483","name":"O que devo ter conta quando recorro ao aluguer de andaimes?","answerCount":1,"acceptedAnswer":{"@type":"Answer","text":"Ao recorrer ao aluguer de andaimes devemos ter em conta que se trata de um servi\u00e7o dispendioso e de uma atividade de alto risco. u003cstrongu003eImporta por isso salvaguardar aspetosu003c\/strongu003e, u003cstrongu003eecon\u00f3micosu003c\/strongu003e e de u003cstrongu003eseguran\u00e7au003c\/strongu003e. Descubra tudo o que deve ter em conta no nosso u003cstrongu003eguia sobre u003ca href=u0022https:\/\/portaldosandaimes.com\/aluguer-de-andaimes\/u0022u003ealuguer de andaimesu003c\/au003eu003c\/strongu003e. ","inLanguage":"es"},"inLanguage":"es"},{"@type":"Question","@id":"https:\/\/portaldosandaimes.com\/es\/curso-de-trabajos-verticales-estructura-requisitos-y-precios\/#faq-question-1577721045486","position":4,"url":"https:\/\/portaldosandaimes.com\/es\/curso-de-trabajos-verticales-estructura-requisitos-y-precios\/#faq-question-1577721045486","name":"Andaime Multidirecional","answerCount":1,"acceptedAnswer":{"@type":"Answer","text":"O andaime multidirecional \u00e9 o tipo de equipamento mais adequado ao contexto de ind\u00fastria pesada e a obras complexas. \u00c9 mais pesado, mais caro mas tamb\u00e9m mais vers\u00e1til, dando resposta aos maiores desafios. Se pondera alugar ou adquirir este tipo de equipamento, saiba u003ca href=u0022https:\/\/portaldosandaimes.com\/andaime-multidirecional\/u0022u003eo que deve ter em conta relativamente ao andaime multidirecionalu003c\/au003e.","inLanguage":"es"},"inLanguage":"es"},{"@type":"Question","@id":"https:\/\/portaldosandaimes.com\/es\/curso-de-trabajos-verticales-estructura-requisitos-y-precios\/#faq-question-1577721863057","position":5,"url":"https:\/\/portaldosandaimes.com\/es\/curso-de-trabajos-verticales-estructura-requisitos-y-precios\/#faq-question-1577721863057","name":"Existem f\u00e1bricas de andaimes em Portugal?","answerCount":1,"acceptedAnswer":{"@type":"Answer","text":"O u003cstrongu003emercado nacional tem v\u00e1rias solu\u00e7\u00f5esu003c\/strongu003e para quem procura adquirir equipamento. Metalusa, Caldorra e Catari, s\u00e3o apenas algumas da op\u00e7\u00f5es. Conhe\u00e7a todas, e o tipo de equipamento que vendem, na nossa u003ca href=u0022https:\/\/portaldosandaimes.com\/fabrica-de-andaimes-em-portugal\/u0022u003elista de fabricantes de andaimes em Portugalu003c\/au003e. ","inLanguage":"es"},"inLanguage":"es"}]}},"_links":{"self":[{"href":"https:\/\/portaldosandaimes.com\/es\/wp-json\/wp\/v2\/posts\/14811","targetHints":{"allow":["GET"]}}],"collection":[{"href":"https:\/\/portaldosandaimes.com\/es\/wp-json\/wp\/v2\/posts"}],"about":[{"href":"https:\/\/portaldosandaimes.com\/es\/wp-json\/wp\/v2\/types\/post"}],"author":[{"embeddable":true,"href":"https:\/\/portaldosandaimes.com\/es\/wp-json\/wp\/v2\/users\/5"}],"replies":[{"embeddable":true,"href":"https:\/\/portaldosandaimes.com\/es\/wp-json\/wp\/v2\/comments?post=14811"}],"version-history":[{"count":0,"href":"https:\/\/portaldosandaimes.com\/es\/wp-json\/wp\/v2\/posts\/14811\/revisions"}],"wp:featuredmedia":[{"embeddable":true,"href":"https:\/\/portaldosandaimes.com\/es\/wp-json\/wp\/v2\/media\/14816"}],"wp:attachment":[{"href":"https:\/\/portaldosandaimes.com\/es\/wp-json\/wp\/v2\/media?parent=14811"}],"wp:term":[{"taxonomy":"category","embeddable":true,"href":"https:\/\/portaldosandaimes.com\/es\/wp-json\/wp\/v2\/categories?post=14811"},{"taxonomy":"post_tag","embeddable":true,"href":"https:\/\/portaldosandaimes.com\/es\/wp-json\/wp\/v2\/tags?post=14811"}],"curies":[{"name":"wp","href":"https:\/\/api.w.org\/{rel}","templated":true}]}}