{"id":14959,"date":"2022-01-13T10:17:38","date_gmt":"2022-01-13T10:17:38","guid":{"rendered":"https:\/\/servitubos.com\/torre-de-andamio\/"},"modified":"2022-09-15T15:06:22","modified_gmt":"2022-09-15T15:06:22","slug":"torre-de-andamio","status":"publish","type":"post","link":"https:\/\/portaldosandaimes.com\/es\/torre-de-andamio\/","title":{"rendered":"Torre de Andamio"},"content":{"rendered":"<div id=\"ez-toc-container\" class=\"ez-toc-v2_0_82_2 counter-hierarchy ez-toc-counter ez-toc-grey ez-toc-container-direction\">\n<div class=\"ez-toc-title-container\">\n<p class=\"ez-toc-title\" style=\"cursor:inherit\">\u00cdndice<\/p>\n<span class=\"ez-toc-title-toggle\"><a href=\"#\" class=\"ez-toc-pull-right ez-toc-btn ez-toc-btn-xs ez-toc-btn-default ez-toc-toggle\" aria-label=\"Alternar tabla de contenidos\"><span class=\"ez-toc-js-icon-con\"><span class=\"\"><span class=\"eztoc-hide\" style=\"display:none;\">Toggle<\/span><span class=\"ez-toc-icon-toggle-span\"><svg style=\"fill: #999;color:#999\" xmlns=\"http:\/\/www.w3.org\/2000\/svg\" class=\"list-377408\" width=\"20px\" height=\"20px\" viewBox=\"0 0 24 24\" fill=\"none\"><path d=\"M6 6H4v2h2V6zm14 0H8v2h12V6zM4 11h2v2H4v-2zm16 0H8v2h12v-2zM4 16h2v2H4v-2zm16 0H8v2h12v-2z\" fill=\"currentColor\"><\/path><\/svg><svg style=\"fill: #999;color:#999\" class=\"arrow-unsorted-368013\" xmlns=\"http:\/\/www.w3.org\/2000\/svg\" width=\"10px\" height=\"10px\" viewBox=\"0 0 24 24\" version=\"1.2\" baseProfile=\"tiny\"><path d=\"M18.2 9.3l-6.2-6.3-6.2 6.3c-.2.2-.3.4-.3.7s.1.5.3.7c.2.2.4.3.7.3h11c.3 0 .5-.1.7-.3.2-.2.3-.5.3-.7s-.1-.5-.3-.7zM5.8 14.7l6.2 6.3 6.2-6.3c.2-.2.3-.5.3-.7s-.1-.5-.3-.7c-.2-.2-.4-.3-.7-.3h-11c-.3 0-.5.1-.7.3-.2.2-.3.5-.3.7s.1.5.3.7z\"\/><\/svg><\/span><\/span><\/span><\/a><\/span><\/div>\n<nav><ul class='ez-toc-list ez-toc-list-level-1 eztoc-toggle-hide-by-default' ><li class='ez-toc-page-1 ez-toc-heading-level-2'><a class=\"ez-toc-link ez-toc-heading-1\" href=\"https:\/\/portaldosandaimes.com\/es\/torre-de-andamio\/#Autoestabilidad_de_la_torre_de_andamio_de_acero\" >Autoestabilidad de la torre de andamio de acero:<\/a><ul class='ez-toc-list-level-4' ><li class='ez-toc-heading-level-4'><ul class='ez-toc-list-level-4' ><li class='ez-toc-heading-level-4'><a class=\"ez-toc-link ez-toc-heading-2\" href=\"https:\/\/portaldosandaimes.com\/es\/torre-de-andamio\/#Preguntas_frecuentes\" >Preguntas frecuentes<\/a><\/li><\/ul><\/li><\/ul><\/li><\/ul><\/nav><\/div>\n<div class=\"fusion-fullwidth fullwidth-box fusion-builder-row-1 nonhundred-percent-fullwidth non-hundred-percent-height-scrolling\" style=\"--awb-border-radius-top-left:0px;--awb-border-radius-top-right:0px;--awb-border-radius-bottom-right:0px;--awb-border-radius-bottom-left:0px;--awb-flex-wrap:wrap;\" ><div class=\"fusion-builder-row fusion-row\"><div class=\"fusion-layout-column fusion_builder_column fusion-builder-column-0 fusion_builder_column_1_1 1_1 fusion-one-full fusion-column-first fusion-column-last\" style=\"--awb-bg-size:cover;--awb-margin-bottom:0px;\"><div class=\"fusion-column-wrapper fusion-flex-column-wrapper-legacy\"><div class=\"fusion-text fusion-text-1\" style=\"--awb-text-transform:none;\"><p>La <strong>torre de andamio<\/strong> es una de las formas de andamio m\u00e1s utilizadas y se puede crear utilizando diferentes tipos de equipos. Pueden montarse con <a href=\"\/?p=14611\">andamios multidireccionales<\/a>, de acero o con andamios de aluminio, normalmente paralelos y anclados a una estructura o <a href=\"\/es\/andamio-de-fachada-marco-europeo\/\">fachada<\/a>.<\/p>\n<p>Sin embargo, tambi\u00e9n se pueden montar por separado. Y en estos casos es necesario calcular la autoestabilidad de la estructura.<\/p>\n<p>La ejecuci\u00f3n de estos deber\u00e1, en todo caso, respetar los procedimientos e instrucciones del fabricante, que garantizan su estabilidad.<\/p>\n<script async src=\"https:\/\/pagead2.googlesyndication.com\/pagead\/js\/adsbygoogle.js\"><\/script><ins class=\"adsbygoogle\" style=\"display:block; text-align:center;\" data-ad-layout=\"in-article\" data-ad-format=\"fluid\" data-ad-client=\"ca-pub-5759564924350674\" data-ad-slot=\"8588755127\"><\/ins><script>(adsbygoogle = window.adsbygoogle || []).push({});\n<\/script>\n<p>Aun as\u00ed, ejemplificaremos, de forma gen\u00e9rica, algunos principios b\u00e1sicos y factores a tener en cuenta. Tambi\u00e9n, c\u00f3mo se puede<strong>calcular la autoestabilidad<\/strong>de una torre de acero, aislada, en espacios interiores, sin viento, y en espacios interiores sujetos a viento. Reiteramos que, bajo cualquier circunstancia, es absolutamente necesaria la consulta del manual del fabricante y la aplicaci\u00f3n exacta del procedimiento prescrito en ese documento.<\/p>\n<p>Las torres de andamio est\u00e1n sujetas a las mismas cargas que cualquier otro tipo de andamio. Para considerar la autoestabilidad de la estructura, tenemos que verificar que las <strong>cargas a las que est\u00e1 sometida <\/strong>no son suficientes para generar inestabilidad.<\/p>\n<p>El <strong>propio peso de la estructura<\/strong>, en la suma de sus elementos, influye positivamente en su estabilidad. Cuanto m\u00e1s pesada sea, mejor ser\u00e1 su comportamiento frente al desequilibrio provocado por las cargas a las que est\u00e1 sometida, como la fuerza del viento. As\u00ed, el tipo de material del andamio (acero o aluminio) influye en el peso y, por lo tanto, en la estabilidad de la estructura, siendo un factor determinante.<\/p>\n<script async src=\"https:\/\/pagead2.googlesyndication.com\/pagead\/js\/adsbygoogle.js\"><\/script><ins class=\"adsbygoogle\" style=\"display:block; text-align:center;\" data-ad-layout=\"in-article\" data-ad-format=\"fluid\" data-ad-client=\"ca-pub-5759564924350674\" data-ad-slot=\"8588755127\"><\/ins><script>(adsbygoogle = window.adsbygoogle || []).push({});\n<\/script>\n<h2><span class=\"ez-toc-section\" id=\"Autoestabilidad_de_la_torre_de_andamio_de_acero\"><\/span>Autoestabilidad de la torre de andamio de acero:<span class=\"ez-toc-section-end\"><\/span><\/h2>\n<ul>\n<li>Para la torre de andamio, construido en <strong>acero<\/strong> y <strong>sin ning\u00fan tipo de cobertura<\/strong>, el m\u00e9todo para verificar si es autoestable es el siguiente:<\/li>\n<li>En espacios interiores, sin viento, la altura m\u00e1xima (H) no puede exceder cuatro veces el lado menor (L). \u2013 H(max.)&lt;= 4* L (menor).<\/li>\n<li>Em espa\u00e7os interiores a altura (H) m\u00e1xima \u00e9 de tr\u00eas vezes o lado (L) menor \u2013 H(max.)&lt;=3* L (menor).<\/li>\n<\/ul>\n<p><strong>Cuando no se cumple la regla de la autoestabilidad<\/strong><\/p>\n<ul>\n<li>Aumentar las dimensiones de la base colocando estabilizadores.<\/li>\n<li>Colocar contrapesos.<\/li>\n<li>Amarrar la estructura a partes s\u00f3lidas.<\/li>\n<li>Combinar adecuadamente las opciones interiores.<\/li>\n<\/ul>\n<p><strong>Nota<\/strong>: Cuando se colocan<strong>mallas de sombreo<\/strong> o<strong>protecci\u00f3n<\/strong>, es necesario calcular el agravamiento de su resistencia y el impacto sobre la estructura.<\/p>\n<p>Le recordamos, porque nunca est\u00e1 de m\u00e1s, que todas las indicaciones, procedimientos y sugerencias del Portal de los <a href=\"\/es\/\">Andamios<\/a> son gen\u00e9ricos y ejemplificativos. Para trabajar con <a href=\"\/es\/seguridad-en-andamios\/\">seguridad<\/a> y de acuerdo con los requisitos legales, debemos, en cualquier caso, respetar los procedimientos espec\u00edficos definidos por los fabricantes para cada tipo de equipo, garantizar que la ejecuci\u00f3n es realizada por un equipo con la capacidad t\u00e9cnica y <a href=\"\/?p=14886\">formaci\u00f3n <\/a>adecuada y que la obra, en su totalidad, desde la etapa de planificaci\u00f3n hasta la etapa de finalizaci\u00f3n, cumple con los requisitos legales de buenas pr\u00e1cticas.<\/p>\n<p>Para obtener m\u00e1s informaci\u00f3n sobre la seguridad y lo que puede suceder cuando no seguimos las mejores pr\u00e1cticas, consulte los art\u00edculos sobre seguridad en andamios y el art\u00edculo sobre ca\u00edda de andamios.<\/p>\n<script async src=\"https:\/\/pagead2.googlesyndication.com\/pagead\/js\/adsbygoogle.js\"><\/script><ins class=\"adsbygoogle\" style=\"display:block; text-align:center;\" data-ad-layout=\"in-article\" data-ad-format=\"fluid\" data-ad-client=\"ca-pub-5759564924350674\" data-ad-slot=\"8588755127\"><\/ins><script>(adsbygoogle = window.adsbygoogle || []).push({});\n<\/script>\n<\/div><div class=\"fusion-clearfix\"><\/div><\/div><\/div><\/div><\/div><div class=\"fusion-fullwidth fullwidth-box fusion-builder-row-2 nonhundred-percent-fullwidth non-hundred-percent-height-scrolling\" style=\"--awb-border-radius-top-left:0px;--awb-border-radius-top-right:0px;--awb-border-radius-bottom-right:0px;--awb-border-radius-bottom-left:0px;--awb-flex-wrap:wrap;\" ><div class=\"fusion-builder-row fusion-row\"><div class=\"fusion-layout-column fusion_builder_column fusion-builder-column-1 fusion_builder_column_1_1 1_1 fusion-one-full fusion-column-first fusion-column-last\" style=\"--awb-bg-size:cover;--awb-margin-bottom:0px;\"><div class=\"fusion-column-wrapper fusion-flex-column-wrapper-legacy\"><div class=\"fusion-text fusion-text-2\" style=\"--awb-text-transform:none;\"><h4 class=\"wp-block-heading\"><span class=\"ez-toc-section\" id=\"Preguntas_frecuentes\"><\/span>Preguntas frecuentes<span class=\"ez-toc-section-end\"><\/span><\/h4>\n<p>&nbsp;<\/p>\n<div class=\"schema-faq wp-block-yoast-faq-block\">\n<div class=\"schema-faq-section\"><strong class=\"schema-faq-question\">\u00bfAndamios de fachada? <\/strong><\/p>\n<p class=\"schema-faq-answer\">El andamio de fachada es la tipolog\u00eda<strong>m\u00e1s com\u00fan en el contexto de la construcci\u00f3n civil<\/strong>. Este tipo de andamio, <strong>poco vers\u00e1til<\/strong>, es <strong>m\u00e1s econ\u00f3mico<\/strong>, <strong>ligero<\/strong>y <strong>f\u00e1cil de montar<\/strong> que el andamio multidireccional. <a href=\"https:\/\/portaldosandaimes.com\/es\/andamio-de-fachada-marco-europeo\/\">Sepa lo que tener en cuenta si quiere comprar o alquilar andamios de fachada<\/a>.<\/p>\n<\/div>\n<div class=\"schema-faq-section\"><strong class=\"schema-faq-question\">Andamio Multidirecional? <\/strong><\/p>\n<p class=\"schema-faq-answer\">El andamio multidireccional es el tipo de equipo m\u00e1s adecuado al contexto de la industria pesada y obras complejas. Es m\u00e1s pesado, m\u00e1s caro pero tambi\u00e9n m\u00e1s vers\u00e1til y dando respuesta a los mayores desaf\u00edos. Si est\u00e1 pensando en alquilar o adquirir este tipo de equipos, <a href=\"https:\/\/portaldosandaimes.com\/es\/andamio-multidireccional\/\">sepa lo que debe tener en cuenta en relaci\u00f3n a andamios multidireccionales.<\/a><\/p>\n<\/div>\n<\/div>\n<\/div><div class=\"fusion-clearfix\"><\/div><\/div><\/div><\/div><\/div>","protected":false},"excerpt":{"rendered":"<p>La torre de andamio es una de las formas de andamio m\u00e1s utilizadas y se puede crear utilizando diferentes tipos de equipos.<\/p>\n","protected":false},"author":1,"featured_media":17655,"comment_status":"open","ping_status":"open","sticky":false,"template":"","format":"standard","meta":{"footnotes":""},"categories":[86],"tags":[],"class_list":["post-14959","post","type-post","status-publish","format-standard","has-post-thumbnail","hentry","category-equipos"],"yoast_head":"<!-- This site is optimized with the Yoast SEO plugin v27.4 - https:\/\/yoast.com\/product\/yoast-seo-wordpress\/ -->\n<title>Torre de Andamio: Sepa Todo lo que Necesita<\/title>\n<meta name=\"description\" content=\"Conozca los principios b\u00e1sicos de seguridad y estabilidad de la torre de andamio y las normas que debe respetar para trabajar con seguridad.\" \/>\n<meta name=\"robots\" content=\"index, follow, max-snippet:-1, max-image-preview:large, max-video-preview:-1\" \/>\n<link rel=\"canonical\" href=\"https:\/\/portaldosandaimes.com\/es\/torre-de-andamio\/\" \/>\n<meta property=\"og:locale\" content=\"es_ES\" \/>\n<meta property=\"og:type\" content=\"article\" \/>\n<meta property=\"og:title\" content=\"Torre de Andamio: Sepa Todo lo que Necesita\" \/>\n<meta property=\"og:description\" content=\"Conozca los principios b\u00e1sicos de seguridad y estabilidad de la torre de andamio y las normas que debe respetar para trabajar con seguridad.\" \/>\n<meta property=\"og:url\" content=\"https:\/\/portaldosandaimes.com\/es\/torre-de-andamio\/\" \/>\n<meta property=\"og:site_name\" content=\"Portal dos Andaimes\" \/>\n<meta property=\"article:publisher\" content=\"https:\/\/www.facebook.com\/portaldosandaimes\" \/>\n<meta property=\"article:published_time\" content=\"2022-01-13T10:17:38+00:00\" \/>\n<meta property=\"article:modified_time\" content=\"2022-09-15T15:06:22+00:00\" \/>\n<meta property=\"og:image\" content=\"https:\/\/portaldosandaimes.com\/wp-content\/uploads\/2019\/01\/torre-de-andaime.jpg\" \/>\n\t<meta property=\"og:image:width\" content=\"940\" \/>\n\t<meta property=\"og:image:height\" content=\"600\" \/>\n\t<meta property=\"og:image:type\" content=\"image\/jpeg\" \/>\n<meta name=\"author\" content=\"Andr\u00e9 Cabral Guedes Vaz\" \/>\n<meta name=\"twitter:card\" content=\"summary_large_image\" \/>\n<meta name=\"twitter:label1\" content=\"Escrito por\" \/>\n\t<meta name=\"twitter:data1\" content=\"Andr\u00e9 Cabral Guedes Vaz\" \/>\n\t<meta name=\"twitter:label2\" content=\"Tiempo de lectura\" \/>\n\t<meta name=\"twitter:data2\" content=\"5 minutos\" \/>\n<script type=\"application\/ld+json\" class=\"yoast-schema-graph\">{\"@context\":\"https:\\\/\\\/schema.org\",\"@graph\":[{\"@type\":\"Article\",\"@id\":\"https:\\\/\\\/portaldosandaimes.com\\\/es\\\/torre-de-andamio\\\/#article\",\"isPartOf\":{\"@id\":\"https:\\\/\\\/portaldosandaimes.com\\\/es\\\/torre-de-andamio\\\/\"},\"author\":{\"name\":\"Andr\u00e9 Cabral Guedes Vaz\",\"@id\":\"https:\\\/\\\/portaldosandaimes.com\\\/es\\\/#\\\/schema\\\/person\\\/8c6beedc8925ed816d004bb7db51647c\"},\"headline\":\"Torre de Andamio\",\"datePublished\":\"2022-01-13T10:17:38+00:00\",\"dateModified\":\"2022-09-15T15:06:22+00:00\",\"mainEntityOfPage\":{\"@id\":\"https:\\\/\\\/portaldosandaimes.com\\\/es\\\/torre-de-andamio\\\/\"},\"wordCount\":1378,\"commentCount\":0,\"publisher\":{\"@id\":\"https:\\\/\\\/portaldosandaimes.com\\\/es\\\/#organization\"},\"image\":{\"@id\":\"https:\\\/\\\/portaldosandaimes.com\\\/es\\\/torre-de-andamio\\\/#primaryimage\"},\"thumbnailUrl\":\"https:\\\/\\\/portaldosandaimes.com\\\/wp-content\\\/uploads\\\/2026\\\/04\\\/torre-de-andaime.jpg\",\"articleSection\":[\"Equipos\"],\"inLanguage\":\"es\",\"potentialAction\":[{\"@type\":\"CommentAction\",\"name\":\"Comment\",\"target\":[\"https:\\\/\\\/portaldosandaimes.com\\\/es\\\/torre-de-andamio\\\/#respond\"]}]},{\"@type\":[\"WebPage\",\"FAQPage\"],\"@id\":\"https:\\\/\\\/portaldosandaimes.com\\\/es\\\/torre-de-andamio\\\/\",\"url\":\"https:\\\/\\\/portaldosandaimes.com\\\/es\\\/torre-de-andamio\\\/\",\"name\":\"Torre de Andamio: Sepa Todo lo que Necesita\",\"isPartOf\":{\"@id\":\"https:\\\/\\\/portaldosandaimes.com\\\/es\\\/#website\"},\"primaryImageOfPage\":{\"@id\":\"https:\\\/\\\/portaldosandaimes.com\\\/es\\\/torre-de-andamio\\\/#primaryimage\"},\"image\":{\"@id\":\"https:\\\/\\\/portaldosandaimes.com\\\/es\\\/torre-de-andamio\\\/#primaryimage\"},\"thumbnailUrl\":\"https:\\\/\\\/portaldosandaimes.com\\\/wp-content\\\/uploads\\\/2026\\\/04\\\/torre-de-andaime.jpg\",\"datePublished\":\"2022-01-13T10:17:38+00:00\",\"dateModified\":\"2022-09-15T15:06:22+00:00\",\"description\":\"Conozca los principios b\u00e1sicos de seguridad y estabilidad de la torre de andamio y las normas que debe respetar para trabajar con seguridad.\",\"breadcrumb\":{\"@id\":\"https:\\\/\\\/portaldosandaimes.com\\\/es\\\/torre-de-andamio\\\/#breadcrumb\"},\"mainEntity\":[{\"@id\":\"https:\\\/\\\/portaldosandaimes.com\\\/es\\\/torre-de-andamio\\\/#faq-question-1578597937006\"},{\"@id\":\"https:\\\/\\\/portaldosandaimes.com\\\/es\\\/torre-de-andamio\\\/#faq-question-1577722108111\"},{\"@id\":\"https:\\\/\\\/portaldosandaimes.com\\\/es\\\/torre-de-andamio\\\/#faq-question-1577722038321\"},{\"@id\":\"https:\\\/\\\/portaldosandaimes.com\\\/es\\\/torre-de-andamio\\\/#faq-question-1577722063877\"},{\"@id\":\"https:\\\/\\\/portaldosandaimes.com\\\/es\\\/torre-de-andamio\\\/#faq-question-1577722138903\"}],\"inLanguage\":\"es\",\"potentialAction\":[{\"@type\":\"ReadAction\",\"target\":[\"https:\\\/\\\/portaldosandaimes.com\\\/es\\\/torre-de-andamio\\\/\"]}]},{\"@type\":\"ImageObject\",\"inLanguage\":\"es\",\"@id\":\"https:\\\/\\\/portaldosandaimes.com\\\/es\\\/torre-de-andamio\\\/#primaryimage\",\"url\":\"https:\\\/\\\/portaldosandaimes.com\\\/wp-content\\\/uploads\\\/2026\\\/04\\\/torre-de-andaime.jpg\",\"contentUrl\":\"https:\\\/\\\/portaldosandaimes.com\\\/wp-content\\\/uploads\\\/2026\\\/04\\\/torre-de-andaime.jpg\",\"width\":1200,\"height\":805,\"caption\":\"torre de andaime\"},{\"@type\":\"BreadcrumbList\",\"@id\":\"https:\\\/\\\/portaldosandaimes.com\\\/es\\\/torre-de-andamio\\\/#breadcrumb\",\"itemListElement\":[{\"@type\":\"ListItem\",\"position\":1,\"name\":\"In\u00edcio\",\"item\":\"https:\\\/\\\/portaldosandaimes.com\\\/es\\\/\"},{\"@type\":\"ListItem\",\"position\":2,\"name\":\"Torre de Andamio\"}]},{\"@type\":\"WebSite\",\"@id\":\"https:\\\/\\\/portaldosandaimes.com\\\/es\\\/#website\",\"url\":\"https:\\\/\\\/portaldosandaimes.com\\\/es\\\/\",\"name\":\"Portal dos andaimes\",\"description\":\"Espa\u00e7o dedicado ao mundo do andaimes e aos trabalhos em altura. Com muita informa\u00e7\u00e3o \u00fatil e loja online.\",\"publisher\":{\"@id\":\"https:\\\/\\\/portaldosandaimes.com\\\/es\\\/#organization\"},\"potentialAction\":[{\"@type\":\"SearchAction\",\"target\":{\"@type\":\"EntryPoint\",\"urlTemplate\":\"https:\\\/\\\/portaldosandaimes.com\\\/es\\\/?s={search_term_string}\"},\"query-input\":{\"@type\":\"PropertyValueSpecification\",\"valueRequired\":true,\"valueName\":\"search_term_string\"}}],\"inLanguage\":\"es\"},{\"@type\":\"Organization\",\"@id\":\"https:\\\/\\\/portaldosandaimes.com\\\/es\\\/#organization\",\"name\":\"Portal dos Andaimes\",\"url\":\"https:\\\/\\\/portaldosandaimes.com\\\/es\\\/\",\"logo\":{\"@type\":\"ImageObject\",\"inLanguage\":\"es\",\"@id\":\"https:\\\/\\\/portaldosandaimes.com\\\/es\\\/#\\\/schema\\\/logo\\\/image\\\/\",\"url\":\"https:\\\/\\\/portaldosandaimes.com\\\/wp-content\\\/uploads\\\/2021\\\/08\\\/portal-de-los-andamios.png\",\"contentUrl\":\"https:\\\/\\\/portaldosandaimes.com\\\/wp-content\\\/uploads\\\/2021\\\/08\\\/portal-de-los-andamios.png\",\"width\":162,\"height\":97,\"caption\":\"Portal dos Andaimes\"},\"image\":{\"@id\":\"https:\\\/\\\/portaldosandaimes.com\\\/es\\\/#\\\/schema\\\/logo\\\/image\\\/\"},\"sameAs\":[\"https:\\\/\\\/www.facebook.com\\\/portaldosandaimes\",\"https:\\\/\\\/www.linkedin.com\\\/company\\\/68306809\\\/\"]},{\"@type\":\"Person\",\"@id\":\"https:\\\/\\\/portaldosandaimes.com\\\/es\\\/#\\\/schema\\\/person\\\/8c6beedc8925ed816d004bb7db51647c\",\"name\":\"Andr\u00e9 Cabral Guedes Vaz\",\"image\":{\"@type\":\"ImageObject\",\"inLanguage\":\"es\",\"@id\":\"https:\\\/\\\/secure.gravatar.com\\\/avatar\\\/ba9460843e1b67f330c265f4169330b750aea912b18aa2305b468de29effe2b7?s=96&d=mm&r=g\",\"url\":\"https:\\\/\\\/secure.gravatar.com\\\/avatar\\\/ba9460843e1b67f330c265f4169330b750aea912b18aa2305b468de29effe2b7?s=96&d=mm&r=g\",\"contentUrl\":\"https:\\\/\\\/secure.gravatar.com\\\/avatar\\\/ba9460843e1b67f330c265f4169330b750aea912b18aa2305b468de29effe2b7?s=96&d=mm&r=g\",\"caption\":\"Andr\u00e9 Cabral Guedes Vaz\"},\"description\":\"Aliando uma d\u00e9cada de experi\u00eancia no setor dos andaimes, \u00e0 forma\u00e7\u00e3o em Marketing Digital, decidi fundar o Portal dos Andaimes, um projeto de conte\u00fado dedicado a andaimes e outros tipos de trabalho em altura. Durante o per\u00edodo em que trabalhei na Servitubos - Andaimes do Sul, desempenhei as fun\u00e7\u00f5es de TSHST e, mais tarde, de encarregado, em contextos de constru\u00e7\u00e3o civil e ind\u00fastria pesada, em refinarias e f\u00e1bricas como a Repsol.\u00a0 Frequentei v\u00e1rias forma\u00e7\u00f5es, entre as quais se destacam o curso TSHST (certificado pelo ACT), Passaporte de Seguran\u00e7a (ISQ), Diretiva ATEX, Gest\u00e3o de Qualidade, Trabalhos Altura, Montagem de Andaimes, entre outras.\",\"sameAs\":[\"https:\\\/\\\/www.linkedin.com\\\/in\\\/andre-g-vaz\\\/\"],\"url\":\"https:\\\/\\\/portaldosandaimes.com\\\/es\\\/author\\\/andrevaz\\\/\"},{\"@type\":\"Question\",\"@id\":\"https:\\\/\\\/portaldosandaimes.com\\\/es\\\/torre-de-andamio\\\/#faq-question-1578597937006\",\"position\":1,\"url\":\"https:\\\/\\\/portaldosandaimes.com\\\/es\\\/torre-de-andamio\\\/#faq-question-1578597937006\",\"name\":\"Necessita de alugar um andaime?\",\"answerCount\":1,\"acceptedAnswer\":{\"@type\":\"Answer\",\"text\":\"Quer precise de recorrer ao aluguer de andaimes em Lisboa, no Porto, na Margem Sul ou qualquer outra zona de Portugal, os nossos parceiros podem ser a solu\u00e7\u00e3o que procura. Fa\u00e7a-nos chegar a sua solicita\u00e7\u00e3o, atrav\u00e9s do nosso\u00a0<a href=\\\"https:\\\/\\\/portaldosandaimes.com\\\/contacto\\\/\\\">formul\u00e1rio de pedido de or\u00e7amento<\\\/a>, para alugar um andaime. \",\"inLanguage\":\"es\"},\"inLanguage\":\"es\"},{\"@type\":\"Question\",\"@id\":\"https:\\\/\\\/portaldosandaimes.com\\\/es\\\/torre-de-andamio\\\/#faq-question-1577722108111\",\"position\":2,\"url\":\"https:\\\/\\\/portaldosandaimes.com\\\/es\\\/torre-de-andamio\\\/#faq-question-1577722108111\",\"name\":\"Empresas de andaimes em Portugal?\",\"answerCount\":1,\"acceptedAnswer\":{\"@type\":\"Answer\",\"text\":\"Em Portugal existem empresas de andaimes, de Norte a Sul que atuam em todo o territ\u00f3rio continental. Consulte a nossa <a href=\\\"https:\\\/\\\/portaldosandaimes.com\\\/empresas-de-andaimes\\\/\\\">lista de empresas de andaimes<\\\/a>,<strong> organizadas por zona geogr\u00e1fica<\\\/strong>.  \",\"inLanguage\":\"es\"},\"inLanguage\":\"es\"},{\"@type\":\"Question\",\"@id\":\"https:\\\/\\\/portaldosandaimes.com\\\/es\\\/torre-de-andamio\\\/#faq-question-1577722038321\",\"position\":3,\"url\":\"https:\\\/\\\/portaldosandaimes.com\\\/es\\\/torre-de-andamio\\\/#faq-question-1577722038321\",\"name\":\"Andaime de fachada?\",\"answerCount\":1,\"acceptedAnswer\":{\"@type\":\"Answer\",\"text\":\"O andaime de fachada \u00e9 a tipologia <strong>mais comum no contexto da constru\u00e7\u00e3o civil<\\\/strong>. Este tipo de andaime, <strong>pouco vers\u00e1til<\\\/strong>, \u00e9<strong> mais barato<\\\/strong>, <strong>mais leve<\\\/strong> e de <strong>montagem mais simples<\\\/strong> que o andaime multidirecional. Saiba <a href=\\\"https:\\\/\\\/portaldosandaimes.com\\\/andaime-de-fachada\\\/\\\">o que deve ter em conta se pretende adquirir ou alugar andaime de fachada<\\\/a>. \",\"inLanguage\":\"es\"},\"inLanguage\":\"es\"},{\"@type\":\"Question\",\"@id\":\"https:\\\/\\\/portaldosandaimes.com\\\/es\\\/torre-de-andamio\\\/#faq-question-1577722063877\",\"position\":4,\"url\":\"https:\\\/\\\/portaldosandaimes.com\\\/es\\\/torre-de-andamio\\\/#faq-question-1577722063877\",\"name\":\"Andaime Multidirecional?\",\"answerCount\":1,\"acceptedAnswer\":{\"@type\":\"Answer\",\"text\":\"O andaime multidirecional \u00e9 o tipo de equipamento mais adequado ao contexto de ind\u00fastria pesada e a obras complexas. \u00c9 mais pesado, mais caro mas tamb\u00e9m mais vers\u00e1til, dando resposta aos maiores desafios. Se pondera alugar ou adquirir este tipo de equipamento, saiba <a href=\\\"https:\\\/\\\/portaldosandaimes.com\\\/andaime-multidirecional\\\/\\\">o que deve ter em conta relativamente ao andaime multidirecional<\\\/a>. \",\"inLanguage\":\"es\"},\"inLanguage\":\"es\"},{\"@type\":\"Question\",\"@id\":\"https:\\\/\\\/portaldosandaimes.com\\\/es\\\/torre-de-andamio\\\/#faq-question-1577722138903\",\"position\":5,\"url\":\"https:\\\/\\\/portaldosandaimes.com\\\/es\\\/torre-de-andamio\\\/#faq-question-1577722138903\",\"name\":\"Existem f\u00e1bricas de andaimes em Portugal?\",\"answerCount\":1,\"acceptedAnswer\":{\"@type\":\"Answer\",\"text\":\"O <strong>mercado nacional tem v\u00e1rias solu\u00e7\u00f5es<\\\/strong> para quem procura adquirir equipamento. Metalusa, Caldorra e Catari, s\u00e3o apenas algumas da op\u00e7\u00f5es. Conhe\u00e7a todas, e o tipo de equipamento que vendem, na nossa <a href=\\\"https:\\\/\\\/portaldosandaimes.com\\\/fabrica-de-andaimes-em-portugal\\\/\\\">lista de fabricantes de andaimes em Portugal<\\\/a>.  \",\"inLanguage\":\"es\"},\"inLanguage\":\"es\"}]}<\/script>\n<!-- \/ Yoast SEO plugin. -->","yoast_head_json":{"title":"Torre de Andamio: Sepa Todo lo que Necesita","description":"Conozca los principios b\u00e1sicos de seguridad y estabilidad de la torre de andamio y las normas que debe respetar para trabajar con seguridad.","robots":{"index":"index","follow":"follow","max-snippet":"max-snippet:-1","max-image-preview":"max-image-preview:large","max-video-preview":"max-video-preview:-1"},"canonical":"https:\/\/portaldosandaimes.com\/es\/torre-de-andamio\/","og_locale":"es_ES","og_type":"article","og_title":"Torre de Andamio: Sepa Todo lo que Necesita","og_description":"Conozca los principios b\u00e1sicos de seguridad y estabilidad de la torre de andamio y las normas que debe respetar para trabajar con seguridad.","og_url":"https:\/\/portaldosandaimes.com\/es\/torre-de-andamio\/","og_site_name":"Portal dos Andaimes","article_publisher":"https:\/\/www.facebook.com\/portaldosandaimes","article_published_time":"2022-01-13T10:17:38+00:00","article_modified_time":"2022-09-15T15:06:22+00:00","og_image":[{"width":940,"height":600,"url":"https:\/\/portaldosandaimes.com\/wp-content\/uploads\/2019\/01\/torre-de-andaime.jpg","type":"image\/jpeg"}],"author":"Andr\u00e9 Cabral Guedes Vaz","twitter_card":"summary_large_image","twitter_misc":{"Escrito por":"Andr\u00e9 Cabral Guedes Vaz","Tiempo de lectura":"5 minutos"},"schema":{"@context":"https:\/\/schema.org","@graph":[{"@type":"Article","@id":"https:\/\/portaldosandaimes.com\/es\/torre-de-andamio\/#article","isPartOf":{"@id":"https:\/\/portaldosandaimes.com\/es\/torre-de-andamio\/"},"author":{"name":"Andr\u00e9 Cabral Guedes Vaz","@id":"https:\/\/portaldosandaimes.com\/es\/#\/schema\/person\/8c6beedc8925ed816d004bb7db51647c"},"headline":"Torre de Andamio","datePublished":"2022-01-13T10:17:38+00:00","dateModified":"2022-09-15T15:06:22+00:00","mainEntityOfPage":{"@id":"https:\/\/portaldosandaimes.com\/es\/torre-de-andamio\/"},"wordCount":1378,"commentCount":0,"publisher":{"@id":"https:\/\/portaldosandaimes.com\/es\/#organization"},"image":{"@id":"https:\/\/portaldosandaimes.com\/es\/torre-de-andamio\/#primaryimage"},"thumbnailUrl":"https:\/\/portaldosandaimes.com\/wp-content\/uploads\/2026\/04\/torre-de-andaime.jpg","articleSection":["Equipos"],"inLanguage":"es","potentialAction":[{"@type":"CommentAction","name":"Comment","target":["https:\/\/portaldosandaimes.com\/es\/torre-de-andamio\/#respond"]}]},{"@type":["WebPage","FAQPage"],"@id":"https:\/\/portaldosandaimes.com\/es\/torre-de-andamio\/","url":"https:\/\/portaldosandaimes.com\/es\/torre-de-andamio\/","name":"Torre de Andamio: Sepa Todo lo que Necesita","isPartOf":{"@id":"https:\/\/portaldosandaimes.com\/es\/#website"},"primaryImageOfPage":{"@id":"https:\/\/portaldosandaimes.com\/es\/torre-de-andamio\/#primaryimage"},"image":{"@id":"https:\/\/portaldosandaimes.com\/es\/torre-de-andamio\/#primaryimage"},"thumbnailUrl":"https:\/\/portaldosandaimes.com\/wp-content\/uploads\/2026\/04\/torre-de-andaime.jpg","datePublished":"2022-01-13T10:17:38+00:00","dateModified":"2022-09-15T15:06:22+00:00","description":"Conozca los principios b\u00e1sicos de seguridad y estabilidad de la torre de andamio y las normas que debe respetar para trabajar con seguridad.","breadcrumb":{"@id":"https:\/\/portaldosandaimes.com\/es\/torre-de-andamio\/#breadcrumb"},"mainEntity":[{"@id":"https:\/\/portaldosandaimes.com\/es\/torre-de-andamio\/#faq-question-1578597937006"},{"@id":"https:\/\/portaldosandaimes.com\/es\/torre-de-andamio\/#faq-question-1577722108111"},{"@id":"https:\/\/portaldosandaimes.com\/es\/torre-de-andamio\/#faq-question-1577722038321"},{"@id":"https:\/\/portaldosandaimes.com\/es\/torre-de-andamio\/#faq-question-1577722063877"},{"@id":"https:\/\/portaldosandaimes.com\/es\/torre-de-andamio\/#faq-question-1577722138903"}],"inLanguage":"es","potentialAction":[{"@type":"ReadAction","target":["https:\/\/portaldosandaimes.com\/es\/torre-de-andamio\/"]}]},{"@type":"ImageObject","inLanguage":"es","@id":"https:\/\/portaldosandaimes.com\/es\/torre-de-andamio\/#primaryimage","url":"https:\/\/portaldosandaimes.com\/wp-content\/uploads\/2026\/04\/torre-de-andaime.jpg","contentUrl":"https:\/\/portaldosandaimes.com\/wp-content\/uploads\/2026\/04\/torre-de-andaime.jpg","width":1200,"height":805,"caption":"torre de andaime"},{"@type":"BreadcrumbList","@id":"https:\/\/portaldosandaimes.com\/es\/torre-de-andamio\/#breadcrumb","itemListElement":[{"@type":"ListItem","position":1,"name":"In\u00edcio","item":"https:\/\/portaldosandaimes.com\/es\/"},{"@type":"ListItem","position":2,"name":"Torre de Andamio"}]},{"@type":"WebSite","@id":"https:\/\/portaldosandaimes.com\/es\/#website","url":"https:\/\/portaldosandaimes.com\/es\/","name":"Portal dos andaimes","description":"Espa\u00e7o dedicado ao mundo do andaimes e aos trabalhos em altura. Com muita informa\u00e7\u00e3o \u00fatil e loja online.","publisher":{"@id":"https:\/\/portaldosandaimes.com\/es\/#organization"},"potentialAction":[{"@type":"SearchAction","target":{"@type":"EntryPoint","urlTemplate":"https:\/\/portaldosandaimes.com\/es\/?s={search_term_string}"},"query-input":{"@type":"PropertyValueSpecification","valueRequired":true,"valueName":"search_term_string"}}],"inLanguage":"es"},{"@type":"Organization","@id":"https:\/\/portaldosandaimes.com\/es\/#organization","name":"Portal dos Andaimes","url":"https:\/\/portaldosandaimes.com\/es\/","logo":{"@type":"ImageObject","inLanguage":"es","@id":"https:\/\/portaldosandaimes.com\/es\/#\/schema\/logo\/image\/","url":"https:\/\/portaldosandaimes.com\/wp-content\/uploads\/2021\/08\/portal-de-los-andamios.png","contentUrl":"https:\/\/portaldosandaimes.com\/wp-content\/uploads\/2021\/08\/portal-de-los-andamios.png","width":162,"height":97,"caption":"Portal dos Andaimes"},"image":{"@id":"https:\/\/portaldosandaimes.com\/es\/#\/schema\/logo\/image\/"},"sameAs":["https:\/\/www.facebook.com\/portaldosandaimes","https:\/\/www.linkedin.com\/company\/68306809\/"]},{"@type":"Person","@id":"https:\/\/portaldosandaimes.com\/es\/#\/schema\/person\/8c6beedc8925ed816d004bb7db51647c","name":"Andr\u00e9 Cabral Guedes Vaz","image":{"@type":"ImageObject","inLanguage":"es","@id":"https:\/\/secure.gravatar.com\/avatar\/ba9460843e1b67f330c265f4169330b750aea912b18aa2305b468de29effe2b7?s=96&d=mm&r=g","url":"https:\/\/secure.gravatar.com\/avatar\/ba9460843e1b67f330c265f4169330b750aea912b18aa2305b468de29effe2b7?s=96&d=mm&r=g","contentUrl":"https:\/\/secure.gravatar.com\/avatar\/ba9460843e1b67f330c265f4169330b750aea912b18aa2305b468de29effe2b7?s=96&d=mm&r=g","caption":"Andr\u00e9 Cabral Guedes Vaz"},"description":"Aliando uma d\u00e9cada de experi\u00eancia no setor dos andaimes, \u00e0 forma\u00e7\u00e3o em Marketing Digital, decidi fundar o Portal dos Andaimes, um projeto de conte\u00fado dedicado a andaimes e outros tipos de trabalho em altura. Durante o per\u00edodo em que trabalhei na Servitubos - Andaimes do Sul, desempenhei as fun\u00e7\u00f5es de TSHST e, mais tarde, de encarregado, em contextos de constru\u00e7\u00e3o civil e ind\u00fastria pesada, em refinarias e f\u00e1bricas como a Repsol.\u00a0 Frequentei v\u00e1rias forma\u00e7\u00f5es, entre as quais se destacam o curso TSHST (certificado pelo ACT), Passaporte de Seguran\u00e7a (ISQ), Diretiva ATEX, Gest\u00e3o de Qualidade, Trabalhos Altura, Montagem de Andaimes, entre outras.","sameAs":["https:\/\/www.linkedin.com\/in\/andre-g-vaz\/"],"url":"https:\/\/portaldosandaimes.com\/es\/author\/andrevaz\/"},{"@type":"Question","@id":"https:\/\/portaldosandaimes.com\/es\/torre-de-andamio\/#faq-question-1578597937006","position":1,"url":"https:\/\/portaldosandaimes.com\/es\/torre-de-andamio\/#faq-question-1578597937006","name":"Necessita de alugar um andaime?","answerCount":1,"acceptedAnswer":{"@type":"Answer","text":"Quer precise de recorrer ao aluguer de andaimes em Lisboa, no Porto, na Margem Sul ou qualquer outra zona de Portugal, os nossos parceiros podem ser a solu\u00e7\u00e3o que procura. Fa\u00e7a-nos chegar a sua solicita\u00e7\u00e3o, atrav\u00e9s do nosso\u00a0<a href=\"https:\/\/portaldosandaimes.com\/contacto\/\">formul\u00e1rio de pedido de or\u00e7amento<\/a>, para alugar um andaime. ","inLanguage":"es"},"inLanguage":"es"},{"@type":"Question","@id":"https:\/\/portaldosandaimes.com\/es\/torre-de-andamio\/#faq-question-1577722108111","position":2,"url":"https:\/\/portaldosandaimes.com\/es\/torre-de-andamio\/#faq-question-1577722108111","name":"Empresas de andaimes em Portugal?","answerCount":1,"acceptedAnswer":{"@type":"Answer","text":"Em Portugal existem empresas de andaimes, de Norte a Sul que atuam em todo o territ\u00f3rio continental. Consulte a nossa <a href=\"https:\/\/portaldosandaimes.com\/empresas-de-andaimes\/\">lista de empresas de andaimes<\/a>,<strong> organizadas por zona geogr\u00e1fica<\/strong>.  ","inLanguage":"es"},"inLanguage":"es"},{"@type":"Question","@id":"https:\/\/portaldosandaimes.com\/es\/torre-de-andamio\/#faq-question-1577722038321","position":3,"url":"https:\/\/portaldosandaimes.com\/es\/torre-de-andamio\/#faq-question-1577722038321","name":"Andaime de fachada?","answerCount":1,"acceptedAnswer":{"@type":"Answer","text":"O andaime de fachada \u00e9 a tipologia <strong>mais comum no contexto da constru\u00e7\u00e3o civil<\/strong>. Este tipo de andaime, <strong>pouco vers\u00e1til<\/strong>, \u00e9<strong> mais barato<\/strong>, <strong>mais leve<\/strong> e de <strong>montagem mais simples<\/strong> que o andaime multidirecional. Saiba <a href=\"https:\/\/portaldosandaimes.com\/andaime-de-fachada\/\">o que deve ter em conta se pretende adquirir ou alugar andaime de fachada<\/a>. ","inLanguage":"es"},"inLanguage":"es"},{"@type":"Question","@id":"https:\/\/portaldosandaimes.com\/es\/torre-de-andamio\/#faq-question-1577722063877","position":4,"url":"https:\/\/portaldosandaimes.com\/es\/torre-de-andamio\/#faq-question-1577722063877","name":"Andaime Multidirecional?","answerCount":1,"acceptedAnswer":{"@type":"Answer","text":"O andaime multidirecional \u00e9 o tipo de equipamento mais adequado ao contexto de ind\u00fastria pesada e a obras complexas. \u00c9 mais pesado, mais caro mas tamb\u00e9m mais vers\u00e1til, dando resposta aos maiores desafios. Se pondera alugar ou adquirir este tipo de equipamento, saiba <a href=\"https:\/\/portaldosandaimes.com\/andaime-multidirecional\/\">o que deve ter em conta relativamente ao andaime multidirecional<\/a>. ","inLanguage":"es"},"inLanguage":"es"},{"@type":"Question","@id":"https:\/\/portaldosandaimes.com\/es\/torre-de-andamio\/#faq-question-1577722138903","position":5,"url":"https:\/\/portaldosandaimes.com\/es\/torre-de-andamio\/#faq-question-1577722138903","name":"Existem f\u00e1bricas de andaimes em Portugal?","answerCount":1,"acceptedAnswer":{"@type":"Answer","text":"O <strong>mercado nacional tem v\u00e1rias solu\u00e7\u00f5es<\/strong> para quem procura adquirir equipamento. Metalusa, Caldorra e Catari, s\u00e3o apenas algumas da op\u00e7\u00f5es. Conhe\u00e7a todas, e o tipo de equipamento que vendem, na nossa <a href=\"https:\/\/portaldosandaimes.com\/fabrica-de-andaimes-em-portugal\/\">lista de fabricantes de andaimes em Portugal<\/a>.  ","inLanguage":"es"},"inLanguage":"es"}]}},"_links":{"self":[{"href":"https:\/\/portaldosandaimes.com\/es\/wp-json\/wp\/v2\/posts\/14959","targetHints":{"allow":["GET"]}}],"collection":[{"href":"https:\/\/portaldosandaimes.com\/es\/wp-json\/wp\/v2\/posts"}],"about":[{"href":"https:\/\/portaldosandaimes.com\/es\/wp-json\/wp\/v2\/types\/post"}],"author":[{"embeddable":true,"href":"https:\/\/portaldosandaimes.com\/es\/wp-json\/wp\/v2\/users\/1"}],"replies":[{"embeddable":true,"href":"https:\/\/portaldosandaimes.com\/es\/wp-json\/wp\/v2\/comments?post=14959"}],"version-history":[{"count":0,"href":"https:\/\/portaldosandaimes.com\/es\/wp-json\/wp\/v2\/posts\/14959\/revisions"}],"wp:featuredmedia":[{"embeddable":true,"href":"https:\/\/portaldosandaimes.com\/es\/wp-json\/wp\/v2\/media\/17655"}],"wp:attachment":[{"href":"https:\/\/portaldosandaimes.com\/es\/wp-json\/wp\/v2\/media?parent=14959"}],"wp:term":[{"taxonomy":"category","embeddable":true,"href":"https:\/\/portaldosandaimes.com\/es\/wp-json\/wp\/v2\/categories?post=14959"},{"taxonomy":"post_tag","embeddable":true,"href":"https:\/\/portaldosandaimes.com\/es\/wp-json\/wp\/v2\/tags?post=14959"}],"curies":[{"name":"wp","href":"https:\/\/api.w.org\/{rel}","templated":true}]}}